{"id":306,"date":"2016-10-14T11:52:13","date_gmt":"2016-10-14T10:52:13","guid":{"rendered":"http:\/\/solidaires87.org\/sudeduclimousin\/?p=306"},"modified":"2019-12-29T10:27:33","modified_gmt":"2019-12-29T09:27:33","slug":"non-la-formation-mgister-nest-pas-obligatoire","status":"publish","type":"post","link":"https:\/\/solidaires87.org\/sudeduclimousin\/2016\/10\/14\/non-la-formation-mgister-nest-pas-obligatoire\/","title":{"rendered":"Non, la formation M@GISTER n\u2019est pas obligatoire\u00a0!"},"content":{"rendered":"<p class=\"western\" align=\"JUSTIFY\"><span style=\"color: #000000\"><span style=\"font-size: medium\">Malgr\u00e9 les injonctions formul\u00e9es par le minist\u00e8re de l\u2019\u00e9ducation nationale, la formation M@GISTER, souvent pr\u00e9sent\u00e9e comme obligatoire, ne l\u2019est pas\u00a0!<\/span><\/span><\/p>\n<p class=\"western\" align=\"JUSTIFY\"><img loading=\"lazy\" decoding=\"async\" class=\"alignnone size-full wp-image-303\" src=\"http:\/\/solidaires87.org\/sudeduclimousin\/wp-content\/uploads\/sites\/4\/2016\/09\/vignette-pet3e56-5cd61.png\" alt=\"vignette-pet3e56-5cd61\" width=\"180\" height=\"124\" \/><\/p>\n<p class=\"western\" align=\"JUSTIFY\"><span style=\"color: #000000\"><span style=\"font-size: medium\">La mise en \u0153uvre du logiciel de formation \u00e0 distance a \u00e9t\u00e9 faite sans aucune consultation d\u2019aucun CHSCTMEN (comit\u00e9 d\u2019hygi\u00e8ne,\u00a0de s\u00e9curit\u00e9 et des conditions de travail minist\u00e9riel de l\u2019\u00e9ducation nationale). Cette d\u00e9marche est en contradiction avec l\u2019article 57 du d\u00e9cret 82-453 modifi\u00e9. <\/span><\/span><\/p>\n<p class=\"western\" align=\"JUSTIFY\"><span style=\"color: #000000\"><span style=\"font-size: medium\">Ce m\u00eame CHSCTMEN a demand\u00e9 le 12 mars 2015 que la formation <\/span><\/span><span style=\"color: #000000\"><span style=\"font-size: medium\"><b>\u00ab\u00a0n\u2019ait lieu que sur la base du volontariat et qu\u2019aucune sanction ne soit engag\u00e9e \u00e0 l\u2019encontre des coll\u00e8gues qui ne veulent pas entrer dans le dispositif\u00a0\u00bb. <\/b><\/span><\/span><\/p>\n<p class=\"western\" align=\"JUSTIFY\"><span style=\"color: #000000\"><span style=\"font-size: medium\">Il est donc clair pour toutes et tous que\u00a0:<\/span><\/span><\/p>\n<p class=\"western\" align=\"JUSTIFY\"><span style=\"color: #000000\"><span style=\"font-size: medium\"><b>\u00ab\u00a0Le recours \u00e0 ce dispositif technique ne rev\u00eat aucun caract\u00e8re obligatoire, [\u2026] <\/b><\/span><\/span><span style=\"color: #000000\"><span style=\"font-size: medium\"><b>le temps de connexion, le nombre de clics, de pages consult\u00e9es et de ressources visualis\u00e9es ne sont pas comptabilis\u00e9es\u00a0<\/b><\/span><\/span><span style=\"color: #000000\"><span style=\"font-size: medium\"><b>\u00bb<\/b><\/span><\/span><\/p>\n<p class=\"western\" align=\"JUSTIFY\"><span style=\"color: #ff0000\"><span style=\"font-size: medium\"><b>Pour Sud \u00e9ducation Limousin, imposer des formations \u00e0 distance sur le temps personnel, c\u2019est mettre en danger le principe m\u00eame de la formation pour toutes et tous. La formation M@GISTER, loin d\u2019\u00eatre une obligation, est plut\u00f4t la porte ouverte \u00e0 un fichage des enseignants et \u00e0 des besoins en formation \u00e9tablis par la hi\u00e9rarchie et non plus par les enseignants eux-m\u00eames.<br \/>\nC\u2019est pourquoi, nous demandons la suppression de cette formation. <\/b><\/span><\/span><\/p>\n<p class=\"western\" align=\"JUSTIFY\"><a href=\"http:\/\/solidaires87.org\/sudeduclimousin\/wp-content\/uploads\/sites\/4\/2016\/09\/Refus-formation-m@gister.pdf\">refus-formation-m@gister<\/a><\/p>\n","protected":false},"excerpt":{"rendered":"<p>Malgr\u00e9 les injonctions formul\u00e9es par le minist\u00e8re de l\u2019\u00e9ducation nationale, la formation M@GISTER, souvent pr\u00e9sent\u00e9e comme obligatoire, ne l\u2019est pas\u00a0! La mise en \u0153uvre du logiciel de formation \u00e0 distance a \u00e9t\u00e9 faite sans aucune consultation d\u2019aucun CHSCTMEN (comit\u00e9 d\u2019hygi\u00e8ne,\u00a0de&#8230;<br \/><a class=\"read-more-button\" href=\"https:\/\/solidaires87.org\/sudeduclimousin\/2016\/10\/14\/non-la-formation-mgister-nest-pas-obligatoire\/\">Savoir plus<\/a><\/p>\n","protected":false},"author":18,"featured_media":0,"comment_status":"closed","ping_status":"open","sticky":false,"template":"","format":"standard","meta":{"footnotes":""},"categories":[9,5],"tags":[],"_links":{"self":[{"href":"https:\/\/solidaires87.org\/sudeduclimousin\/wp-json\/wp\/v2\/posts\/306"}],"collection":[{"href":"https:\/\/solidaires87.org\/sudeduclimousin\/wp-json\/wp\/v2\/posts"}],"about":[{"href":"https:\/\/solidaires87.org\/sudeduclimousin\/wp-json\/wp\/v2\/types\/post"}],"author":[{"embeddable":true,"href":"https:\/\/solidaires87.org\/sudeduclimousin\/wp-json\/wp\/v2\/users\/18"}],"replies":[{"embeddable":true,"href":"https:\/\/solidaires87.org\/sudeduclimousin\/wp-json\/wp\/v2\/comments?post=306"}],"version-history":[{"count":1,"href":"https:\/\/solidaires87.org\/sudeduclimousin\/wp-json\/wp\/v2\/posts\/306\/revisions"}],"predecessor-version":[{"id":307,"href":"https:\/\/solidaires87.org\/sudeduclimousin\/wp-json\/wp\/v2\/posts\/306\/revisions\/307"}],"wp:attachment":[{"href":"https:\/\/solidaires87.org\/sudeduclimousin\/wp-json\/wp\/v2\/media?parent=306"}],"wp:term":[{"taxonomy":"category","embeddable":true,"href":"https:\/\/solidaires87.org\/sudeduclimousin\/wp-json\/wp\/v2\/categories?post=306"},{"taxonomy":"post_tag","embeddable":true,"href":"https:\/\/solidaires87.org\/sudeduclimousin\/wp-json\/wp\/v2\/tags?post=306"}],"curies":[{"name":"wp","href":"https:\/\/api.w.org\/{rel}","templated":true}]}}