{"id":3034,"date":"2020-06-28T16:54:27","date_gmt":"2020-06-28T15:54:27","guid":{"rendered":"http:\/\/solidaires87.org\/sudeduclimousin\/?p=3034"},"modified":"2020-06-28T16:54:28","modified_gmt":"2020-06-28T15:54:28","slug":"recrudescence-de-cas-de-covid-19-dans-les-ecoles-sud-education-exige-des-garanties-pour-la-sante-des-personnels","status":"publish","type":"post","link":"https:\/\/solidaires87.org\/sudeduclimousin\/2020\/06\/28\/recrudescence-de-cas-de-covid-19-dans-les-ecoles-sud-education-exige-des-garanties-pour-la-sante-des-personnels\/","title":{"rendered":"Recrudescence de cas de Covid-19 dans les \u00e9coles : SUD \u00e9ducation exige des garanties pour la sant\u00e9 des personnels"},"content":{"rendered":"<a href=\"https:\/\/solidaires87.org\/sudeduclimousin\/wp-content\/uploads\/sites\/4\/2020\/06\/Recrudescence-de-cas-de-Covid-19-dans-les-\u00e9coles-SUD-\u00e9ducation-exige-des-garanties-pour-la-sant\u00e9-des-personnels.pdf\" class=\"pdfemb-viewer\" style=\"\" data-width=\"max\" data-height=\"max\"  data-toolbar=\"bottom\" data-toolbar-fixed=\"off\">Recrudescence-de-cas-de-Covid-19-dans-les-\u00e9coles-SUD-\u00e9ducation-exige-des-garanties-pour-la-sant\u00e9-des-personnels<br\/><\/a>\n<p class=\"wp-block-pdfemb-pdf-embedder-viewer\"><\/p>\n","protected":false},"excerpt":{"rendered":"","protected":false},"author":18,"featured_media":0,"comment_status":"closed","ping_status":"open","sticky":false,"template":"","format":"standard","meta":{"footnotes":""},"categories":[9],"tags":[],"_links":{"self":[{"href":"https:\/\/solidaires87.org\/sudeduclimousin\/wp-json\/wp\/v2\/posts\/3034"}],"collection":[{"href":"https:\/\/solidaires87.org\/sudeduclimousin\/wp-json\/wp\/v2\/posts"}],"about":[{"href":"https:\/\/solidaires87.org\/sudeduclimousin\/wp-json\/wp\/v2\/types\/post"}],"author":[{"embeddable":true,"href":"https:\/\/solidaires87.org\/sudeduclimousin\/wp-json\/wp\/v2\/users\/18"}],"replies":[{"embeddable":true,"href":"https:\/\/solidaires87.org\/sudeduclimousin\/wp-json\/wp\/v2\/comments?post=3034"}],"version-history":[{"count":1,"href":"https:\/\/solidaires87.org\/sudeduclimousin\/wp-json\/wp\/v2\/posts\/3034\/revisions"}],"predecessor-version":[{"id":3036,"href":"https:\/\/solidaires87.org\/sudeduclimousin\/wp-json\/wp\/v2\/posts\/3034\/revisions\/3036"}],"wp:attachment":[{"href":"https:\/\/solidaires87.org\/sudeduclimousin\/wp-json\/wp\/v2\/media?parent=3034"}],"wp:term":[{"taxonomy":"category","embeddable":true,"href":"https:\/\/solidaires87.org\/sudeduclimousin\/wp-json\/wp\/v2\/categories?post=3034"},{"taxonomy":"post_tag","embeddable":true,"href":"https:\/\/solidaires87.org\/sudeduclimousin\/wp-json\/wp\/v2\/tags?post=3034"}],"curies":[{"name":"wp","href":"https:\/\/api.w.org\/{rel}","templated":true}]}}