{"id":3031,"date":"2020-06-28T16:53:34","date_gmt":"2020-06-28T15:53:34","guid":{"rendered":"http:\/\/solidaires87.org\/sudeduclimousin\/?p=3031"},"modified":"2020-06-28T16:53:35","modified_gmt":"2020-06-28T15:53:35","slug":"a-travers-les-vacances-apprenantes-blanquer-etend-sa-vision-autoritaire-et-reactionnaire-a-leducation-populaire","status":"publish","type":"post","link":"https:\/\/solidaires87.org\/sudeduclimousin\/2020\/06\/28\/a-travers-les-vacances-apprenantes-blanquer-etend-sa-vision-autoritaire-et-reactionnaire-a-leducation-populaire\/","title":{"rendered":"A travers les \u201cvacances apprenantes\u201d, Blanquer \u00e9tend sa vision autoritaire et r\u00e9actionnaire \u00e0 l\u2019\u00e9ducation populaire"},"content":{"rendered":"<a href=\"https:\/\/solidaires87.org\/sudeduclimousin\/wp-content\/uploads\/sites\/4\/2020\/06\/a_travers_les_vacances_apprenantes_blanquer_etend_sa_vision_autoritaire_et_reactionnaire_a_l_education_populaire.pdf\" class=\"pdfemb-viewer\" style=\"\" data-width=\"max\" data-height=\"max\"  data-toolbar=\"bottom\" data-toolbar-fixed=\"off\">a_travers_les_vacances_apprenantes_blanquer_etend_sa_vision_autoritaire_et_reactionnaire_a_l_education_populaire<br\/><\/a>\n<p class=\"wp-block-pdfemb-pdf-embedder-viewer\"><\/p>\n","protected":false},"excerpt":{"rendered":"","protected":false},"author":18,"featured_media":0,"comment_status":"closed","ping_status":"open","sticky":false,"template":"","format":"standard","meta":{"footnotes":""},"categories":[9],"tags":[],"_links":{"self":[{"href":"https:\/\/solidaires87.org\/sudeduclimousin\/wp-json\/wp\/v2\/posts\/3031"}],"collection":[{"href":"https:\/\/solidaires87.org\/sudeduclimousin\/wp-json\/wp\/v2\/posts"}],"about":[{"href":"https:\/\/solidaires87.org\/sudeduclimousin\/wp-json\/wp\/v2\/types\/post"}],"author":[{"embeddable":true,"href":"https:\/\/solidaires87.org\/sudeduclimousin\/wp-json\/wp\/v2\/users\/18"}],"replies":[{"embeddable":true,"href":"https:\/\/solidaires87.org\/sudeduclimousin\/wp-json\/wp\/v2\/comments?post=3031"}],"version-history":[{"count":1,"href":"https:\/\/solidaires87.org\/sudeduclimousin\/wp-json\/wp\/v2\/posts\/3031\/revisions"}],"predecessor-version":[{"id":3033,"href":"https:\/\/solidaires87.org\/sudeduclimousin\/wp-json\/wp\/v2\/posts\/3031\/revisions\/3033"}],"wp:attachment":[{"href":"https:\/\/solidaires87.org\/sudeduclimousin\/wp-json\/wp\/v2\/media?parent=3031"}],"wp:term":[{"taxonomy":"category","embeddable":true,"href":"https:\/\/solidaires87.org\/sudeduclimousin\/wp-json\/wp\/v2\/categories?post=3031"},{"taxonomy":"post_tag","embeddable":true,"href":"https:\/\/solidaires87.org\/sudeduclimousin\/wp-json\/wp\/v2\/tags?post=3031"}],"curies":[{"name":"wp","href":"https:\/\/api.w.org\/{rel}","templated":true}]}}