{"id":3019,"date":"2020-06-28T16:46:42","date_gmt":"2020-06-28T15:46:42","guid":{"rendered":"http:\/\/solidaires87.org\/sudeduclimousin\/?p=3019"},"modified":"2020-06-28T16:46:43","modified_gmt":"2020-06-28T15:46:43","slug":"halte-a-la-repression-syndicale-dans-la-fonction-publique-halte-a-la-repression-dans-leducation-nationale-aucune-sanction-a-lencontre-des-personnels","status":"publish","type":"post","link":"https:\/\/solidaires87.org\/sudeduclimousin\/2020\/06\/28\/halte-a-la-repression-syndicale-dans-la-fonction-publique-halte-a-la-repression-dans-leducation-nationale-aucune-sanction-a-lencontre-des-personnels\/","title":{"rendered":"Halte \u00e0 la r\u00e9pression syndicale dans la fonction publique. Halte \u00e0 la r\u00e9pression dans l\u2019\u00c9ducation Nationale Aucune sanction \u00e0 l\u2019encontre des personnels !"},"content":{"rendered":"<a href=\"https:\/\/solidaires87.org\/sudeduclimousin\/wp-content\/uploads\/sites\/4\/2020\/06\/Halte-a\u0300-la-re\u0301pression-syndicale-dans-la-fonction-publique.pdf\" class=\"pdfemb-viewer\" style=\"\" data-width=\"max\" data-height=\"max\"  data-toolbar=\"bottom\" data-toolbar-fixed=\"off\">Halte-a\u0300-la-re\u0301pression-syndicale-dans-la-fonction-publique<br\/><\/a>\n<p class=\"wp-block-pdfemb-pdf-embedder-viewer\"><\/p>\n","protected":false},"excerpt":{"rendered":"","protected":false},"author":18,"featured_media":0,"comment_status":"closed","ping_status":"open","sticky":false,"template":"","format":"standard","meta":{"footnotes":""},"categories":[1],"tags":[],"_links":{"self":[{"href":"https:\/\/solidaires87.org\/sudeduclimousin\/wp-json\/wp\/v2\/posts\/3019"}],"collection":[{"href":"https:\/\/solidaires87.org\/sudeduclimousin\/wp-json\/wp\/v2\/posts"}],"about":[{"href":"https:\/\/solidaires87.org\/sudeduclimousin\/wp-json\/wp\/v2\/types\/post"}],"author":[{"embeddable":true,"href":"https:\/\/solidaires87.org\/sudeduclimousin\/wp-json\/wp\/v2\/users\/18"}],"replies":[{"embeddable":true,"href":"https:\/\/solidaires87.org\/sudeduclimousin\/wp-json\/wp\/v2\/comments?post=3019"}],"version-history":[{"count":1,"href":"https:\/\/solidaires87.org\/sudeduclimousin\/wp-json\/wp\/v2\/posts\/3019\/revisions"}],"predecessor-version":[{"id":3021,"href":"https:\/\/solidaires87.org\/sudeduclimousin\/wp-json\/wp\/v2\/posts\/3019\/revisions\/3021"}],"wp:attachment":[{"href":"https:\/\/solidaires87.org\/sudeduclimousin\/wp-json\/wp\/v2\/media?parent=3019"}],"wp:term":[{"taxonomy":"category","embeddable":true,"href":"https:\/\/solidaires87.org\/sudeduclimousin\/wp-json\/wp\/v2\/categories?post=3019"},{"taxonomy":"post_tag","embeddable":true,"href":"https:\/\/solidaires87.org\/sudeduclimousin\/wp-json\/wp\/v2\/tags?post=3019"}],"curies":[{"name":"wp","href":"https:\/\/api.w.org\/{rel}","templated":true}]}}