{"id":300,"date":"2016-10-13T14:49:01","date_gmt":"2016-10-13T13:49:01","guid":{"rendered":"http:\/\/solidaires87.org\/sudeduclimousin\/?p=300"},"modified":"2019-12-29T10:27:48","modified_gmt":"2019-12-29T09:27:48","slug":"assez-des-collusions-entre-leducation-nationale-et-le-medef","status":"publish","type":"post","link":"https:\/\/solidaires87.org\/sudeduclimousin\/2016\/10\/13\/assez-des-collusions-entre-leducation-nationale-et-le-medef\/","title":{"rendered":"Assez des collusions entre l\u2019\u00c9ducation nationale et le MEDEF !"},"content":{"rendered":"<div class=\"soustitre\"><i><b>Communiqu\u00e9 de la f\u00e9d\u00e9ration SUD \u00e9ducation du 19 septembre 2016<\/b><\/i><\/div>\n<p>&nbsp;<\/p>\n<p><img loading=\"lazy\" decoding=\"async\" class=\"alignnone size-full wp-image-299\" src=\"http:\/\/solidaires87.org\/sudeduclimousin\/wp-content\/uploads\/sites\/4\/2016\/09\/arton6666-94b04.jpg\" alt=\"arton6666-94b04\" width=\"107\" height=\"150\" \/><\/p>\n<div class=\"detail\">Publi\u00e9\u00a0le\u00a0lundi\u00a019 septembre 2016 sur <a href=\"http:\/\/www.sudeducation.org\/Assez-des-collusions-entre-l.html\">http:\/\/www.sudeducation.org\/Assez-des-collusions-entre-l.html<\/a><\/div>\n<div class=\"texte\">\n<p>Les enseignant-e-s de toute la France ont re\u00e7u le lundi 19 septembre 2016 un courrier \u00e9lectronique de Florence Robine, Directrice g\u00e9n\u00e9rale de l\u2019enseignement scolaire au Minist\u00e8re de l\u2019\u00e9ducation nationale, de l\u2019enseignement sup\u00e9rieur et de la recherche les invitant \u00e0 s\u2019inscrire aux stages propos\u00e9s par le CERPEP\u00a0: \u00ab\u00a0Le Cerpep, Centre d\u2019Etudes et de Recherches sur les Partenariats avec les Entreprises et les Professions, offre aux enseignants de toutes les disciplines et \u00e0 tous les personnels de l\u2019\u00e9ducation nationale la possibilit\u00e9 de r\u00e9aliser une visite ou un stage en entreprise de 1 \u00e0 5 jours\u00a0\u00bb. C\u2019est une nouvelle marque de la collusion de plus en plus grande du Minist\u00e8re avec le MEDEF et de sa soumission aux attentes des entreprises.<\/p>\n<p>On ne compte en effet plus ces intrusions du priv\u00e9 dans le syst\u00e8me scolaire. Total participe au financement du p\u00e9riscolaire. Le minist\u00e8re a renouvel\u00e9 son contrat avec Microsoft au d\u00e9triment du logiciel libre et de l\u2019interop\u00e9rabilit\u00e9. Google organise des formations qui figurent dans des Plans Acad\u00e9miques de Formation. Les entreprises (mais pas les syndicats\u00a0!) interviennent dans la formation des professeur-e-s de Sciences Economiques et Sociales et ont droit \u00e0 leur \u00ab\u00a0semaine de l\u2019entreprise\u00a0\u00bb. L\u2019agence de formation des enseignant-e-s Teach for France, am\u00e9ricaine, priv\u00e9e, lucrative et low-cost, a obtenu un partenariat avec l\u2019Acad\u00e9mie de Cr\u00e9teil\u00a0: une trentaine de contractuel\u2011le\u2011s seront ainsi \u00ab\u00a0s\u00e9lectionn\u00e9s, pr\u00e9par\u00e9s, accompagn\u00e9s\u00a0\u00bb par Teach for France dans l\u2019\u00e9ducation prioritaire. Cette liste est loin d\u2019\u00eatre exhaustive. Les partenariats public-priv\u00e9 se multiplient, de la maternelle \u00e0 l\u2019universit\u00e9.<\/p>\n<h3 class=\"spip\">SUD \u00e9ducation d\u00e9nonce ces collusions et appelle le minist\u00e8re \u00e0 respecter l\u2019ind\u00e9pendance du service public d\u2019\u00e9ducation.<\/h3>\n<p>Nous r\u00e9p\u00e9tons ce que nous avons dit au d\u00e9but de la l\u00e9gislature lorsque cette orientation \u00e9tait annonc\u00e9e\u00a0: \u00e9duquer ce n\u2019est pas conforter les hi\u00e9rarchies sociales, ce n\u2019est pas tout subordonner \u00e0 l\u2019employabilit\u00e9 future des \u00e9l\u00e8ves et des \u00e9tudiant-e-s. Les valeurs port\u00e9es par SUD \u00e9ducation sont \u00e0 l\u2019oppos\u00e9 de celles de l\u2019\u00e9cole-capitaliste o\u00f9 le culte des \u00e9valuations, les indicateurs, le management, le m\u00e9rite, l\u2019individualisme priment sur l\u2019\u00e9ducatif. Nous estimons bien au contraire qu\u2019il faut promouvoir les pratiques et valeurs coop\u00e9ratives d\u2019entraide, entre coll\u00e8gues et entre \u00e9l\u00e8ves pour construire ensemble une autre \u00e9cole dans une autre soci\u00e9t\u00e9, \u00e9galitaire et \u00e9mancipatrice.<\/p>\n<blockquote class=\"spip\"><p><strong>Appeler les entreprises \u00e0 prendre plus de place encore dans l\u2019\u00e9cole, c\u2019est attaquer le service public d\u2019\u00e9ducation. Nous refusons et refuserons toujours de traiter les \u00e9l\u00e8ves et les \u00e9tudiant-e-s comme de la chair \u00e0 patron-ne. Nous refusons que les enseignant-e-s soient \u00ab\u00a0form\u00e9-e-s\u00a0\u00bb par et pour les entreprises capitalistes. Pour SUD \u00e9ducation, r\u00e9solument, l\u2019\u00c9cole n\u2019est pas une entreprise, l\u2019\u00c9ducation n\u2019est pas une marchandise.<\/strong><\/p>\n<p><a href=\"http:\/\/solidaires87.org\/sudeduclimousin\/wp-content\/uploads\/sites\/4\/2016\/09\/com-fede-sud-educ-medef_19-09-2016_version-20-09.pdf\">com-fede-sud-educ-medef<\/a><\/p>\n<p>&nbsp;<\/p><\/blockquote>\n<\/div>\n","protected":false},"excerpt":{"rendered":"<p>Communiqu\u00e9 de la f\u00e9d\u00e9ration SUD \u00e9ducation du 19 septembre 2016 &nbsp; Publi\u00e9\u00a0le\u00a0lundi\u00a019 septembre 2016 sur http:\/\/www.sudeducation.org\/Assez-des-collusions-entre-l.html Les enseignant-e-s de toute la France ont re\u00e7u le lundi 19 septembre 2016 un courrier \u00e9lectronique de Florence Robine, Directrice g\u00e9n\u00e9rale de l\u2019enseignement scolaire&#8230;<br \/><a class=\"read-more-button\" href=\"https:\/\/solidaires87.org\/sudeduclimousin\/2016\/10\/13\/assez-des-collusions-entre-leducation-nationale-et-le-medef\/\">Savoir plus<\/a><\/p>\n","protected":false},"author":18,"featured_media":0,"comment_status":"closed","ping_status":"open","sticky":false,"template":"","format":"standard","meta":{"footnotes":""},"categories":[1],"tags":[],"_links":{"self":[{"href":"https:\/\/solidaires87.org\/sudeduclimousin\/wp-json\/wp\/v2\/posts\/300"}],"collection":[{"href":"https:\/\/solidaires87.org\/sudeduclimousin\/wp-json\/wp\/v2\/posts"}],"about":[{"href":"https:\/\/solidaires87.org\/sudeduclimousin\/wp-json\/wp\/v2\/types\/post"}],"author":[{"embeddable":true,"href":"https:\/\/solidaires87.org\/sudeduclimousin\/wp-json\/wp\/v2\/users\/18"}],"replies":[{"embeddable":true,"href":"https:\/\/solidaires87.org\/sudeduclimousin\/wp-json\/wp\/v2\/comments?post=300"}],"version-history":[{"count":1,"href":"https:\/\/solidaires87.org\/sudeduclimousin\/wp-json\/wp\/v2\/posts\/300\/revisions"}],"predecessor-version":[{"id":301,"href":"https:\/\/solidaires87.org\/sudeduclimousin\/wp-json\/wp\/v2\/posts\/300\/revisions\/301"}],"wp:attachment":[{"href":"https:\/\/solidaires87.org\/sudeduclimousin\/wp-json\/wp\/v2\/media?parent=300"}],"wp:term":[{"taxonomy":"category","embeddable":true,"href":"https:\/\/solidaires87.org\/sudeduclimousin\/wp-json\/wp\/v2\/categories?post=300"},{"taxonomy":"post_tag","embeddable":true,"href":"https:\/\/solidaires87.org\/sudeduclimousin\/wp-json\/wp\/v2\/tags?post=300"}],"curies":[{"name":"wp","href":"https:\/\/api.w.org\/{rel}","templated":true}]}}