{"id":2995,"date":"2020-06-21T07:48:08","date_gmt":"2020-06-21T06:48:08","guid":{"rendered":"http:\/\/solidaires87.org\/sudeduclimousin\/?p=2995"},"modified":"2020-06-21T07:48:09","modified_gmt":"2020-06-21T06:48:09","slug":"compte-rendu-de-sud-education-au-conseil-superieur-des-programmes-du-lycee-general-et-technologique","status":"publish","type":"post","link":"https:\/\/solidaires87.org\/sudeduclimousin\/2020\/06\/21\/compte-rendu-de-sud-education-au-conseil-superieur-des-programmes-du-lycee-general-et-technologique\/","title":{"rendered":"Compte-Rendu de SUD \u00e9ducation au Conseil sup\u00e9rieur des programmes du lyc\u00e9e g\u00e9n\u00e9ral et technologique"},"content":{"rendered":"<a href=\"https:\/\/solidaires87.org\/sudeduclimousin\/wp-content\/uploads\/sites\/4\/2020\/06\/compte-rendu_de_sud_education_au_conseil_superieur_des_programmes_du_lycee_general_et_technologique.pdf\" class=\"pdfemb-viewer\" style=\"\" data-width=\"max\" data-height=\"max\"  data-toolbar=\"bottom\" data-toolbar-fixed=\"off\">compte-rendu_de_sud_education_au_conseil_superieur_des_programmes_du_lycee_general_et_technologique<br\/><\/a>\n<p class=\"wp-block-pdfemb-pdf-embedder-viewer\"><\/p>\n","protected":false},"excerpt":{"rendered":"","protected":false},"author":18,"featured_media":0,"comment_status":"closed","ping_status":"open","sticky":false,"template":"","format":"standard","meta":{"footnotes":""},"categories":[9,5],"tags":[],"_links":{"self":[{"href":"https:\/\/solidaires87.org\/sudeduclimousin\/wp-json\/wp\/v2\/posts\/2995"}],"collection":[{"href":"https:\/\/solidaires87.org\/sudeduclimousin\/wp-json\/wp\/v2\/posts"}],"about":[{"href":"https:\/\/solidaires87.org\/sudeduclimousin\/wp-json\/wp\/v2\/types\/post"}],"author":[{"embeddable":true,"href":"https:\/\/solidaires87.org\/sudeduclimousin\/wp-json\/wp\/v2\/users\/18"}],"replies":[{"embeddable":true,"href":"https:\/\/solidaires87.org\/sudeduclimousin\/wp-json\/wp\/v2\/comments?post=2995"}],"version-history":[{"count":1,"href":"https:\/\/solidaires87.org\/sudeduclimousin\/wp-json\/wp\/v2\/posts\/2995\/revisions"}],"predecessor-version":[{"id":2997,"href":"https:\/\/solidaires87.org\/sudeduclimousin\/wp-json\/wp\/v2\/posts\/2995\/revisions\/2997"}],"wp:attachment":[{"href":"https:\/\/solidaires87.org\/sudeduclimousin\/wp-json\/wp\/v2\/media?parent=2995"}],"wp:term":[{"taxonomy":"category","embeddable":true,"href":"https:\/\/solidaires87.org\/sudeduclimousin\/wp-json\/wp\/v2\/categories?post=2995"},{"taxonomy":"post_tag","embeddable":true,"href":"https:\/\/solidaires87.org\/sudeduclimousin\/wp-json\/wp\/v2\/tags?post=2995"}],"curies":[{"name":"wp","href":"https:\/\/api.w.org\/{rel}","templated":true}]}}