{"id":2833,"date":"2020-05-25T12:24:34","date_gmt":"2020-05-25T11:24:34","guid":{"rendered":"http:\/\/solidaires87.org\/sudeduclimousin\/?p=2833"},"modified":"2020-05-25T12:24:36","modified_gmt":"2020-05-25T11:24:36","slug":"sud-education-denonce-la-repression-brutale-des-enseignant-e-s-au-kurdistan-dirak","status":"publish","type":"post","link":"https:\/\/solidaires87.org\/sudeduclimousin\/2020\/05\/25\/sud-education-denonce-la-repression-brutale-des-enseignant-e-s-au-kurdistan-dirak\/","title":{"rendered":"SUD \u00e9ducation d\u00e9nonce la r\u00e9pression brutale des enseignant.e.s au Kurdistan d&rsquo;Irak"},"content":{"rendered":"<a href=\"https:\/\/solidaires87.org\/sudeduclimousin\/wp-content\/uploads\/sites\/4\/2020\/05\/SUD-\u00e9ducation-d\u00e9nonce-la-r\u00e9pression-brutale-des-enseignant.e.s-au-Kurdistan-dIrak.pdf\" class=\"pdfemb-viewer\" style=\"\" data-width=\"max\" data-height=\"max\"  data-toolbar=\"bottom\" data-toolbar-fixed=\"off\">SUD-\u00e9ducation-d\u00e9nonce-la-r\u00e9pression-brutale-des-enseignant.e.s-au-Kurdistan-dIrak<br\/><\/a>\n<p class=\"wp-block-pdfemb-pdf-embedder-viewer\"><\/p>\n","protected":false},"excerpt":{"rendered":"","protected":false},"author":18,"featured_media":0,"comment_status":"closed","ping_status":"open","sticky":false,"template":"","format":"standard","meta":{"footnotes":""},"categories":[9],"tags":[],"_links":{"self":[{"href":"https:\/\/solidaires87.org\/sudeduclimousin\/wp-json\/wp\/v2\/posts\/2833"}],"collection":[{"href":"https:\/\/solidaires87.org\/sudeduclimousin\/wp-json\/wp\/v2\/posts"}],"about":[{"href":"https:\/\/solidaires87.org\/sudeduclimousin\/wp-json\/wp\/v2\/types\/post"}],"author":[{"embeddable":true,"href":"https:\/\/solidaires87.org\/sudeduclimousin\/wp-json\/wp\/v2\/users\/18"}],"replies":[{"embeddable":true,"href":"https:\/\/solidaires87.org\/sudeduclimousin\/wp-json\/wp\/v2\/comments?post=2833"}],"version-history":[{"count":1,"href":"https:\/\/solidaires87.org\/sudeduclimousin\/wp-json\/wp\/v2\/posts\/2833\/revisions"}],"predecessor-version":[{"id":2835,"href":"https:\/\/solidaires87.org\/sudeduclimousin\/wp-json\/wp\/v2\/posts\/2833\/revisions\/2835"}],"wp:attachment":[{"href":"https:\/\/solidaires87.org\/sudeduclimousin\/wp-json\/wp\/v2\/media?parent=2833"}],"wp:term":[{"taxonomy":"category","embeddable":true,"href":"https:\/\/solidaires87.org\/sudeduclimousin\/wp-json\/wp\/v2\/categories?post=2833"},{"taxonomy":"post_tag","embeddable":true,"href":"https:\/\/solidaires87.org\/sudeduclimousin\/wp-json\/wp\/v2\/tags?post=2833"}],"curies":[{"name":"wp","href":"https:\/\/api.w.org\/{rel}","templated":true}]}}