{"id":2808,"date":"2020-05-14T16:00:28","date_gmt":"2020-05-14T15:00:28","guid":{"rendered":"http:\/\/solidaires87.org\/sudeduclimousin\/?p=2808"},"modified":"2020-05-14T16:00:29","modified_gmt":"2020-05-14T15:00:29","slug":"examen-en-urgence-du-projet-de-loi-portant-diverses-dispositions-urgentes-pour-faire-face-aux-consequences-de-lepidemie-de-covid-19-soumis-a-lassemblee-nationale-le-14-mai-2020","status":"publish","type":"post","link":"https:\/\/solidaires87.org\/sudeduclimousin\/2020\/05\/14\/examen-en-urgence-du-projet-de-loi-portant-diverses-dispositions-urgentes-pour-faire-face-aux-consequences-de-lepidemie-de-covid-19-soumis-a-lassemblee-nationale-le-14-mai-2020\/","title":{"rendered":"Examen en urgence du projet de loi portant diverses dispositions urgentes pour faire face aux cons\u00e9quences de l\u2019\u00e9pid\u00e9mie de COVID 19, soumis \u00e0 l\u2019assembl\u00e9e nationale le 14 mai 2020"},"content":{"rendered":"\n<h2 class=\"wp-block-heading\">Communiqu\u00e9 de presse des organisations syndicales de l\u2019enseignement sup\u00e9rieur et de la recherche<\/h2>\n\n\n<a href=\"https:\/\/solidaires87.org\/sudeduclimousin\/wp-content\/uploads\/sites\/4\/2020\/05\/communique.projet_loi_contractuel-_vs_finale.pdf\" class=\"pdfemb-viewer\" style=\"\" data-width=\"max\" data-height=\"max\"  data-toolbar=\"bottom\" data-toolbar-fixed=\"off\">communique.projet_loi_contractuel-_vs_finale<br\/><\/a>\n<p class=\"wp-block-pdfemb-pdf-embedder-viewer\"><\/p>\n","protected":false},"excerpt":{"rendered":"<p>Communiqu\u00e9 de presse des organisations syndicales de l\u2019enseignement sup\u00e9rieur et de la recherche<\/p>\n","protected":false},"author":18,"featured_media":0,"comment_status":"closed","ping_status":"open","sticky":false,"template":"","format":"standard","meta":{"footnotes":""},"categories":[9],"tags":[],"_links":{"self":[{"href":"https:\/\/solidaires87.org\/sudeduclimousin\/wp-json\/wp\/v2\/posts\/2808"}],"collection":[{"href":"https:\/\/solidaires87.org\/sudeduclimousin\/wp-json\/wp\/v2\/posts"}],"about":[{"href":"https:\/\/solidaires87.org\/sudeduclimousin\/wp-json\/wp\/v2\/types\/post"}],"author":[{"embeddable":true,"href":"https:\/\/solidaires87.org\/sudeduclimousin\/wp-json\/wp\/v2\/users\/18"}],"replies":[{"embeddable":true,"href":"https:\/\/solidaires87.org\/sudeduclimousin\/wp-json\/wp\/v2\/comments?post=2808"}],"version-history":[{"count":1,"href":"https:\/\/solidaires87.org\/sudeduclimousin\/wp-json\/wp\/v2\/posts\/2808\/revisions"}],"predecessor-version":[{"id":2810,"href":"https:\/\/solidaires87.org\/sudeduclimousin\/wp-json\/wp\/v2\/posts\/2808\/revisions\/2810"}],"wp:attachment":[{"href":"https:\/\/solidaires87.org\/sudeduclimousin\/wp-json\/wp\/v2\/media?parent=2808"}],"wp:term":[{"taxonomy":"category","embeddable":true,"href":"https:\/\/solidaires87.org\/sudeduclimousin\/wp-json\/wp\/v2\/categories?post=2808"},{"taxonomy":"post_tag","embeddable":true,"href":"https:\/\/solidaires87.org\/sudeduclimousin\/wp-json\/wp\/v2\/tags?post=2808"}],"curies":[{"name":"wp","href":"https:\/\/api.w.org\/{rel}","templated":true}]}}