{"id":2796,"date":"2020-05-14T15:53:19","date_gmt":"2020-05-14T14:53:19","guid":{"rendered":"http:\/\/solidaires87.org\/sudeduclimousin\/?p=2796"},"modified":"2020-05-14T15:53:20","modified_gmt":"2020-05-14T14:53:20","slug":"declaration-liminaire-de-sud-education-devant-le-comite-suivi-sectoriel-de-la-crise-du-covid-19-enseignement-superieur-de-la-commission-des-affaires-culturelles-et-de-leducati","status":"publish","type":"post","link":"https:\/\/solidaires87.org\/sudeduclimousin\/2020\/05\/14\/declaration-liminaire-de-sud-education-devant-le-comite-suivi-sectoriel-de-la-crise-du-covid-19-enseignement-superieur-de-la-commission-des-affaires-culturelles-et-de-leducati\/","title":{"rendered":"D\u00e9claration liminaire de SUD \u00e9ducation devant le comit\u00e9 \u00ab Suivi sectoriel de la crise du Covid-19 &#8211; enseignement sup\u00e9rieur \u00bb de la Commission des Affaires culturelles et de l\u2019Education de l\u2019Assembl\u00e9e nationale Enseignement sup\u00e9rieur : la priorit\u00e9 doit aller au pr\u00e9sentiel"},"content":{"rendered":"<a href=\"https:\/\/solidaires87.org\/sudeduclimousin\/wp-content\/uploads\/sites\/4\/2020\/05\/declaration_sud_suivi_covid_sup_11maian.pdf\" class=\"pdfemb-viewer\" style=\"\" data-width=\"max\" data-height=\"max\"  data-toolbar=\"bottom\" data-toolbar-fixed=\"off\">declaration_sud_suivi_covid_sup_11maian<br\/><\/a>\n<p class=\"wp-block-pdfemb-pdf-embedder-viewer\"><\/p>\n","protected":false},"excerpt":{"rendered":"","protected":false},"author":18,"featured_media":0,"comment_status":"closed","ping_status":"open","sticky":false,"template":"","format":"standard","meta":{"footnotes":""},"categories":[9],"tags":[],"_links":{"self":[{"href":"https:\/\/solidaires87.org\/sudeduclimousin\/wp-json\/wp\/v2\/posts\/2796"}],"collection":[{"href":"https:\/\/solidaires87.org\/sudeduclimousin\/wp-json\/wp\/v2\/posts"}],"about":[{"href":"https:\/\/solidaires87.org\/sudeduclimousin\/wp-json\/wp\/v2\/types\/post"}],"author":[{"embeddable":true,"href":"https:\/\/solidaires87.org\/sudeduclimousin\/wp-json\/wp\/v2\/users\/18"}],"replies":[{"embeddable":true,"href":"https:\/\/solidaires87.org\/sudeduclimousin\/wp-json\/wp\/v2\/comments?post=2796"}],"version-history":[{"count":1,"href":"https:\/\/solidaires87.org\/sudeduclimousin\/wp-json\/wp\/v2\/posts\/2796\/revisions"}],"predecessor-version":[{"id":2798,"href":"https:\/\/solidaires87.org\/sudeduclimousin\/wp-json\/wp\/v2\/posts\/2796\/revisions\/2798"}],"wp:attachment":[{"href":"https:\/\/solidaires87.org\/sudeduclimousin\/wp-json\/wp\/v2\/media?parent=2796"}],"wp:term":[{"taxonomy":"category","embeddable":true,"href":"https:\/\/solidaires87.org\/sudeduclimousin\/wp-json\/wp\/v2\/categories?post=2796"},{"taxonomy":"post_tag","embeddable":true,"href":"https:\/\/solidaires87.org\/sudeduclimousin\/wp-json\/wp\/v2\/tags?post=2796"}],"curies":[{"name":"wp","href":"https:\/\/api.w.org\/{rel}","templated":true}]}}