{"id":2793,"date":"2020-05-14T15:51:43","date_gmt":"2020-05-14T14:51:43","guid":{"rendered":"http:\/\/solidaires87.org\/sudeduclimousin\/?p=2793"},"modified":"2020-05-14T15:51:44","modified_gmt":"2020-05-14T14:51:44","slug":"baccalaureat-et-brevet-des-colleges-sud-education-denonce-des-mesures-inegalitaires","status":"publish","type":"post","link":"https:\/\/solidaires87.org\/sudeduclimousin\/2020\/05\/14\/baccalaureat-et-brevet-des-colleges-sud-education-denonce-des-mesures-inegalitaires\/","title":{"rendered":"Baccalaur\u00e9at et Brevet des Coll\u00e8ges : SUD \u00e9ducation d\u00e9nonce des mesures in\u00e9galitaires !"},"content":{"rendered":"<a href=\"https:\/\/solidaires87.org\/sudeduclimousin\/wp-content\/uploads\/sites\/4\/2020\/05\/baccalaureat_et_brevet_des_colleges_sud_education_denonce_des_mesures_inegalitaires.pdf\" class=\"pdfemb-viewer\" style=\"\" data-width=\"max\" data-height=\"max\"  data-toolbar=\"bottom\" data-toolbar-fixed=\"off\">baccalaureat_et_brevet_des_colleges_sud_education_denonce_des_mesures_inegalitaires<br\/><\/a>\n<p class=\"wp-block-pdfemb-pdf-embedder-viewer\"><\/p>\n","protected":false},"excerpt":{"rendered":"","protected":false},"author":18,"featured_media":0,"comment_status":"closed","ping_status":"open","sticky":false,"template":"","format":"standard","meta":{"footnotes":""},"categories":[9],"tags":[],"_links":{"self":[{"href":"https:\/\/solidaires87.org\/sudeduclimousin\/wp-json\/wp\/v2\/posts\/2793"}],"collection":[{"href":"https:\/\/solidaires87.org\/sudeduclimousin\/wp-json\/wp\/v2\/posts"}],"about":[{"href":"https:\/\/solidaires87.org\/sudeduclimousin\/wp-json\/wp\/v2\/types\/post"}],"author":[{"embeddable":true,"href":"https:\/\/solidaires87.org\/sudeduclimousin\/wp-json\/wp\/v2\/users\/18"}],"replies":[{"embeddable":true,"href":"https:\/\/solidaires87.org\/sudeduclimousin\/wp-json\/wp\/v2\/comments?post=2793"}],"version-history":[{"count":1,"href":"https:\/\/solidaires87.org\/sudeduclimousin\/wp-json\/wp\/v2\/posts\/2793\/revisions"}],"predecessor-version":[{"id":2795,"href":"https:\/\/solidaires87.org\/sudeduclimousin\/wp-json\/wp\/v2\/posts\/2793\/revisions\/2795"}],"wp:attachment":[{"href":"https:\/\/solidaires87.org\/sudeduclimousin\/wp-json\/wp\/v2\/media?parent=2793"}],"wp:term":[{"taxonomy":"category","embeddable":true,"href":"https:\/\/solidaires87.org\/sudeduclimousin\/wp-json\/wp\/v2\/categories?post=2793"},{"taxonomy":"post_tag","embeddable":true,"href":"https:\/\/solidaires87.org\/sudeduclimousin\/wp-json\/wp\/v2\/tags?post=2793"}],"curies":[{"name":"wp","href":"https:\/\/api.w.org\/{rel}","templated":true}]}}