{"id":2768,"date":"2020-05-10T12:35:17","date_gmt":"2020-05-10T11:35:17","guid":{"rendered":"http:\/\/solidaires87.org\/sudeduclimousin\/?p=2768"},"modified":"2020-05-10T12:35:18","modified_gmt":"2020-05-10T11:35:18","slug":"sud-education-entame-une-procedure-en-justice-pour-lannulation-de-la-reouverture-des-ecoles-et-etablissements","status":"publish","type":"post","link":"https:\/\/solidaires87.org\/sudeduclimousin\/2020\/05\/10\/sud-education-entame-une-procedure-en-justice-pour-lannulation-de-la-reouverture-des-ecoles-et-etablissements\/","title":{"rendered":"SUD \u00e9ducation entame une proc\u00e9dure en justice pour l\u2019annulation de la r\u00e9ouverture des \u00e9coles et \u00e9tablissements"},"content":{"rendered":"<a href=\"https:\/\/solidaires87.org\/sudeduclimousin\/wp-content\/uploads\/sites\/4\/2020\/05\/SUD-\u00e9ducation-entame-une-proc\u00e9dure-en-justice-pour-l\u2019annulation-de-la-r\u00e9ouverture-des-\u00e9coles-et-\u00e9tablissements.pdf\" class=\"pdfemb-viewer\" style=\"\" data-width=\"max\" data-height=\"max\"  data-toolbar=\"bottom\" data-toolbar-fixed=\"off\">SUD-\u00e9ducation-entame-une-proc\u00e9dure-en-justice-pour-l\u2019annulation-de-la-r\u00e9ouverture-des-\u00e9coles-et-\u00e9tablissements<br\/><\/a>\n<p class=\"wp-block-pdfemb-pdf-embedder-viewer\"><\/p>\n","protected":false},"excerpt":{"rendered":"","protected":false},"author":18,"featured_media":0,"comment_status":"closed","ping_status":"open","sticky":false,"template":"","format":"standard","meta":{"footnotes":""},"categories":[9],"tags":[],"_links":{"self":[{"href":"https:\/\/solidaires87.org\/sudeduclimousin\/wp-json\/wp\/v2\/posts\/2768"}],"collection":[{"href":"https:\/\/solidaires87.org\/sudeduclimousin\/wp-json\/wp\/v2\/posts"}],"about":[{"href":"https:\/\/solidaires87.org\/sudeduclimousin\/wp-json\/wp\/v2\/types\/post"}],"author":[{"embeddable":true,"href":"https:\/\/solidaires87.org\/sudeduclimousin\/wp-json\/wp\/v2\/users\/18"}],"replies":[{"embeddable":true,"href":"https:\/\/solidaires87.org\/sudeduclimousin\/wp-json\/wp\/v2\/comments?post=2768"}],"version-history":[{"count":1,"href":"https:\/\/solidaires87.org\/sudeduclimousin\/wp-json\/wp\/v2\/posts\/2768\/revisions"}],"predecessor-version":[{"id":2770,"href":"https:\/\/solidaires87.org\/sudeduclimousin\/wp-json\/wp\/v2\/posts\/2768\/revisions\/2770"}],"wp:attachment":[{"href":"https:\/\/solidaires87.org\/sudeduclimousin\/wp-json\/wp\/v2\/media?parent=2768"}],"wp:term":[{"taxonomy":"category","embeddable":true,"href":"https:\/\/solidaires87.org\/sudeduclimousin\/wp-json\/wp\/v2\/categories?post=2768"},{"taxonomy":"post_tag","embeddable":true,"href":"https:\/\/solidaires87.org\/sudeduclimousin\/wp-json\/wp\/v2\/tags?post=2768"}],"curies":[{"name":"wp","href":"https:\/\/api.w.org\/{rel}","templated":true}]}}