{"id":2742,"date":"2020-05-04T11:04:02","date_gmt":"2020-05-04T10:04:02","guid":{"rendered":"http:\/\/solidaires87.org\/sudeduclimousin\/?p=2742"},"modified":"2020-05-04T11:04:03","modified_gmt":"2020-05-04T10:04:03","slug":"courrier-intersyndicale-au-ministre-de-leducation-nationale-demande-dannulation-des-epreuves-orales-anticipees-de-francais-de-premiere","status":"publish","type":"post","link":"https:\/\/solidaires87.org\/sudeduclimousin\/2020\/05\/04\/courrier-intersyndicale-au-ministre-de-leducation-nationale-demande-dannulation-des-epreuves-orales-anticipees-de-francais-de-premiere\/","title":{"rendered":"Courrier intersyndicale au ministre de l&rsquo;\u00c9ducation nationale: demande  d\u2019annulation des \u00e9preuves orales anticip\u00e9es de fran\u00e7ais de premi\u00e8re"},"content":{"rendered":"<a href=\"https:\/\/solidaires87.org\/sudeduclimousin\/wp-content\/uploads\/sites\/4\/2020\/05\/20-04-29_ministre_eaf-def2.pdf\" class=\"pdfemb-viewer\" style=\"\" data-width=\"max\" data-height=\"max\"  data-toolbar=\"bottom\" data-toolbar-fixed=\"off\">20-04-29_ministre_eaf-def2<br\/><\/a>\n<p class=\"wp-block-pdfemb-pdf-embedder-viewer\"><\/p>\n","protected":false},"excerpt":{"rendered":"","protected":false},"author":18,"featured_media":0,"comment_status":"closed","ping_status":"open","sticky":false,"template":"","format":"standard","meta":{"footnotes":""},"categories":[9],"tags":[],"_links":{"self":[{"href":"https:\/\/solidaires87.org\/sudeduclimousin\/wp-json\/wp\/v2\/posts\/2742"}],"collection":[{"href":"https:\/\/solidaires87.org\/sudeduclimousin\/wp-json\/wp\/v2\/posts"}],"about":[{"href":"https:\/\/solidaires87.org\/sudeduclimousin\/wp-json\/wp\/v2\/types\/post"}],"author":[{"embeddable":true,"href":"https:\/\/solidaires87.org\/sudeduclimousin\/wp-json\/wp\/v2\/users\/18"}],"replies":[{"embeddable":true,"href":"https:\/\/solidaires87.org\/sudeduclimousin\/wp-json\/wp\/v2\/comments?post=2742"}],"version-history":[{"count":1,"href":"https:\/\/solidaires87.org\/sudeduclimousin\/wp-json\/wp\/v2\/posts\/2742\/revisions"}],"predecessor-version":[{"id":2744,"href":"https:\/\/solidaires87.org\/sudeduclimousin\/wp-json\/wp\/v2\/posts\/2742\/revisions\/2744"}],"wp:attachment":[{"href":"https:\/\/solidaires87.org\/sudeduclimousin\/wp-json\/wp\/v2\/media?parent=2742"}],"wp:term":[{"taxonomy":"category","embeddable":true,"href":"https:\/\/solidaires87.org\/sudeduclimousin\/wp-json\/wp\/v2\/categories?post=2742"},{"taxonomy":"post_tag","embeddable":true,"href":"https:\/\/solidaires87.org\/sudeduclimousin\/wp-json\/wp\/v2\/tags?post=2742"}],"curies":[{"name":"wp","href":"https:\/\/api.w.org\/{rel}","templated":true}]}}