{"id":2732,"date":"2020-04-29T11:20:34","date_gmt":"2020-04-29T10:20:34","guid":{"rendered":"http:\/\/solidaires87.org\/sudeduclimousin\/?p=2732"},"modified":"2020-04-29T11:20:35","modified_gmt":"2020-04-29T10:20:35","slug":"le-conseil-scientifique-demande-la-reouverture-des-ecoles-et-etablissements-en-septembre-pour-sud-education-le-11-mai-cest-toujours-non","status":"publish","type":"post","link":"https:\/\/solidaires87.org\/sudeduclimousin\/2020\/04\/29\/le-conseil-scientifique-demande-la-reouverture-des-ecoles-et-etablissements-en-septembre-pour-sud-education-le-11-mai-cest-toujours-non\/","title":{"rendered":"Le Conseil scientifique demande la r\u00e9ouverture des \u00e9coles et \u00e9tablissements en septembre : pour SUD \u00e9ducation, le 11 mai c\u2019est toujours non."},"content":{"rendered":"<a href=\"https:\/\/solidaires87.org\/sudeduclimousin\/wp-content\/uploads\/sites\/4\/2020\/04\/le_conseil_scientifique_demande_la_reouverture_des_ecoles_et_etablissements_en_septembre_pour_sud_education_le_11_mai_c_est_toujours_non.pdf\" class=\"pdfemb-viewer\" style=\"\" data-width=\"max\" data-height=\"max\"  data-toolbar=\"bottom\" data-toolbar-fixed=\"off\">le_conseil_scientifique_demande_la_reouverture_des_ecoles_et_etablissements_en_septembre_pour_sud_education_le_11_mai_c_est_toujours_non<br\/><\/a>\n<p class=\"wp-block-pdfemb-pdf-embedder-viewer\"><\/p>\n","protected":false},"excerpt":{"rendered":"","protected":false},"author":18,"featured_media":0,"comment_status":"closed","ping_status":"open","sticky":false,"template":"","format":"standard","meta":{"footnotes":""},"categories":[9],"tags":[],"_links":{"self":[{"href":"https:\/\/solidaires87.org\/sudeduclimousin\/wp-json\/wp\/v2\/posts\/2732"}],"collection":[{"href":"https:\/\/solidaires87.org\/sudeduclimousin\/wp-json\/wp\/v2\/posts"}],"about":[{"href":"https:\/\/solidaires87.org\/sudeduclimousin\/wp-json\/wp\/v2\/types\/post"}],"author":[{"embeddable":true,"href":"https:\/\/solidaires87.org\/sudeduclimousin\/wp-json\/wp\/v2\/users\/18"}],"replies":[{"embeddable":true,"href":"https:\/\/solidaires87.org\/sudeduclimousin\/wp-json\/wp\/v2\/comments?post=2732"}],"version-history":[{"count":1,"href":"https:\/\/solidaires87.org\/sudeduclimousin\/wp-json\/wp\/v2\/posts\/2732\/revisions"}],"predecessor-version":[{"id":2734,"href":"https:\/\/solidaires87.org\/sudeduclimousin\/wp-json\/wp\/v2\/posts\/2732\/revisions\/2734"}],"wp:attachment":[{"href":"https:\/\/solidaires87.org\/sudeduclimousin\/wp-json\/wp\/v2\/media?parent=2732"}],"wp:term":[{"taxonomy":"category","embeddable":true,"href":"https:\/\/solidaires87.org\/sudeduclimousin\/wp-json\/wp\/v2\/categories?post=2732"},{"taxonomy":"post_tag","embeddable":true,"href":"https:\/\/solidaires87.org\/sudeduclimousin\/wp-json\/wp\/v2\/tags?post=2732"}],"curies":[{"name":"wp","href":"https:\/\/api.w.org\/{rel}","templated":true}]}}