{"id":2704,"date":"2020-04-26T10:42:49","date_gmt":"2020-04-26T09:42:49","guid":{"rendered":"http:\/\/solidaires87.org\/sudeduclimousin\/?p=2704"},"modified":"2020-04-26T10:42:51","modified_gmt":"2020-04-26T09:42:51","slug":"nouvelles-annonces-sur-la-reouverture-des-ecoles-et-des-etablissements-pour-sud-education-cest-toujours-non","status":"publish","type":"post","link":"https:\/\/solidaires87.org\/sudeduclimousin\/2020\/04\/26\/nouvelles-annonces-sur-la-reouverture-des-ecoles-et-des-etablissements-pour-sud-education-cest-toujours-non\/","title":{"rendered":"Nouvelles annonces sur la r\u00e9ouverture des \u00e9coles et des \u00e9tablissements : pour SUD \u00e9ducation c\u2019est toujours non !"},"content":{"rendered":"<a href=\"https:\/\/solidaires87.org\/sudeduclimousin\/wp-content\/uploads\/sites\/4\/2020\/04\/Nouvelles-annonces-sur-la-r\u00e9ouverture-des-\u00e9coles-et-des-\u00e9tablissements-_-pour-SUD-\u00e9ducation-c\u2019est-toujours-non-.pdf\" class=\"pdfemb-viewer\" style=\"\" data-width=\"max\" data-height=\"max\"  data-toolbar=\"bottom\" data-toolbar-fixed=\"off\">Nouvelles-annonces-sur-la-r\u00e9ouverture-des-\u00e9coles-et-des-\u00e9tablissements-_-pour-SUD-\u00e9ducation-c\u2019est-toujours-non-<br\/><\/a>\n<p class=\"wp-block-pdfemb-pdf-embedder-viewer\"><\/p>\n","protected":false},"excerpt":{"rendered":"","protected":false},"author":18,"featured_media":0,"comment_status":"closed","ping_status":"open","sticky":false,"template":"","format":"standard","meta":{"footnotes":""},"categories":[9],"tags":[],"_links":{"self":[{"href":"https:\/\/solidaires87.org\/sudeduclimousin\/wp-json\/wp\/v2\/posts\/2704"}],"collection":[{"href":"https:\/\/solidaires87.org\/sudeduclimousin\/wp-json\/wp\/v2\/posts"}],"about":[{"href":"https:\/\/solidaires87.org\/sudeduclimousin\/wp-json\/wp\/v2\/types\/post"}],"author":[{"embeddable":true,"href":"https:\/\/solidaires87.org\/sudeduclimousin\/wp-json\/wp\/v2\/users\/18"}],"replies":[{"embeddable":true,"href":"https:\/\/solidaires87.org\/sudeduclimousin\/wp-json\/wp\/v2\/comments?post=2704"}],"version-history":[{"count":1,"href":"https:\/\/solidaires87.org\/sudeduclimousin\/wp-json\/wp\/v2\/posts\/2704\/revisions"}],"predecessor-version":[{"id":2706,"href":"https:\/\/solidaires87.org\/sudeduclimousin\/wp-json\/wp\/v2\/posts\/2704\/revisions\/2706"}],"wp:attachment":[{"href":"https:\/\/solidaires87.org\/sudeduclimousin\/wp-json\/wp\/v2\/media?parent=2704"}],"wp:term":[{"taxonomy":"category","embeddable":true,"href":"https:\/\/solidaires87.org\/sudeduclimousin\/wp-json\/wp\/v2\/categories?post=2704"},{"taxonomy":"post_tag","embeddable":true,"href":"https:\/\/solidaires87.org\/sudeduclimousin\/wp-json\/wp\/v2\/tags?post=2704"}],"curies":[{"name":"wp","href":"https:\/\/api.w.org\/{rel}","templated":true}]}}