{"id":2669,"date":"2020-04-20T10:27:16","date_gmt":"2020-04-20T09:27:16","guid":{"rendered":"http:\/\/solidaires87.org\/sudeduclimousin\/?p=2669"},"modified":"2020-04-20T10:27:17","modified_gmt":"2020-04-20T09:27:17","slug":"reouverture-annoncee-des-ecoles-a-partir-du-11-mai-sud-education-reclame-toutes-les-garanties-necessaires","status":"publish","type":"post","link":"https:\/\/solidaires87.org\/sudeduclimousin\/2020\/04\/20\/reouverture-annoncee-des-ecoles-a-partir-du-11-mai-sud-education-reclame-toutes-les-garanties-necessaires\/","title":{"rendered":"R\u00e9ouverture annonc\u00e9e des \u00e9coles \u00e0 partir du 11 mai : SUD \u00e9ducation r\u00e9clame toutes les garanties n\u00e9cessaires"},"content":{"rendered":"<a href=\"https:\/\/solidaires87.org\/sudeduclimousin\/wp-content\/uploads\/sites\/4\/2020\/04\/R\u00e9ouverture-annonc\u00e9e-des-\u00e9coles-\u00e0-partir-du-11-mai-_-SUD-\u00e9ducation-r\u00e9clame-toutes-les-garanties-n\u00e9cessaires.pdf\" class=\"pdfemb-viewer\" style=\"\" data-width=\"max\" data-height=\"max\"  data-toolbar=\"bottom\" data-toolbar-fixed=\"off\">R\u00e9ouverture-annonc\u00e9e-des-\u00e9coles-\u00e0-partir-du-11-mai-_-SUD-\u00e9ducation-r\u00e9clame-toutes-les-garanties-n\u00e9cessaires<br\/><\/a>\n<p class=\"wp-block-pdfemb-pdf-embedder-viewer\"><\/p>\n","protected":false},"excerpt":{"rendered":"","protected":false},"author":18,"featured_media":0,"comment_status":"closed","ping_status":"open","sticky":false,"template":"","format":"standard","meta":{"footnotes":""},"categories":[9],"tags":[],"_links":{"self":[{"href":"https:\/\/solidaires87.org\/sudeduclimousin\/wp-json\/wp\/v2\/posts\/2669"}],"collection":[{"href":"https:\/\/solidaires87.org\/sudeduclimousin\/wp-json\/wp\/v2\/posts"}],"about":[{"href":"https:\/\/solidaires87.org\/sudeduclimousin\/wp-json\/wp\/v2\/types\/post"}],"author":[{"embeddable":true,"href":"https:\/\/solidaires87.org\/sudeduclimousin\/wp-json\/wp\/v2\/users\/18"}],"replies":[{"embeddable":true,"href":"https:\/\/solidaires87.org\/sudeduclimousin\/wp-json\/wp\/v2\/comments?post=2669"}],"version-history":[{"count":1,"href":"https:\/\/solidaires87.org\/sudeduclimousin\/wp-json\/wp\/v2\/posts\/2669\/revisions"}],"predecessor-version":[{"id":2671,"href":"https:\/\/solidaires87.org\/sudeduclimousin\/wp-json\/wp\/v2\/posts\/2669\/revisions\/2671"}],"wp:attachment":[{"href":"https:\/\/solidaires87.org\/sudeduclimousin\/wp-json\/wp\/v2\/media?parent=2669"}],"wp:term":[{"taxonomy":"category","embeddable":true,"href":"https:\/\/solidaires87.org\/sudeduclimousin\/wp-json\/wp\/v2\/categories?post=2669"},{"taxonomy":"post_tag","embeddable":true,"href":"https:\/\/solidaires87.org\/sudeduclimousin\/wp-json\/wp\/v2\/tags?post=2669"}],"curies":[{"name":"wp","href":"https:\/\/api.w.org\/{rel}","templated":true}]}}