{"id":2666,"date":"2020-04-20T10:24:30","date_gmt":"2020-04-20T09:24:30","guid":{"rendered":"http:\/\/solidaires87.org\/sudeduclimousin\/?p=2666"},"modified":"2020-04-20T10:24:31","modified_gmt":"2020-04-20T09:24:31","slug":"voie-professionnelle-la-crise-sanitaire-se-poursuit-et-le-ministere-sentete-dans-ses-reformes-desastreuses","status":"publish","type":"post","link":"https:\/\/solidaires87.org\/sudeduclimousin\/2020\/04\/20\/voie-professionnelle-la-crise-sanitaire-se-poursuit-et-le-ministere-sentete-dans-ses-reformes-desastreuses\/","title":{"rendered":"Voie professionnelle : la crise sanitaire se poursuit et le minist\u00e8re s\u2019ent\u00eate dans ses r\u00e9formes d\u00e9sastreuses"},"content":{"rendered":"<a href=\"https:\/\/solidaires87.org\/sudeduclimousin\/wp-content\/uploads\/sites\/4\/2020\/04\/voie_professionnelle_la_crise_sanitaire_se_poursuit_et_le_ministere_s_entete_dans_ses_reformes_desastreuses.pdf\" class=\"pdfemb-viewer\" style=\"\" data-width=\"max\" data-height=\"max\"  data-toolbar=\"bottom\" data-toolbar-fixed=\"off\">voie_professionnelle_la_crise_sanitaire_se_poursuit_et_le_ministere_s_entete_dans_ses_reformes_desastreuses<br\/><\/a>\n<p class=\"wp-block-pdfemb-pdf-embedder-viewer\"><\/p>\n","protected":false},"excerpt":{"rendered":"","protected":false},"author":18,"featured_media":0,"comment_status":"closed","ping_status":"open","sticky":false,"template":"","format":"standard","meta":{"footnotes":""},"categories":[9],"tags":[],"_links":{"self":[{"href":"https:\/\/solidaires87.org\/sudeduclimousin\/wp-json\/wp\/v2\/posts\/2666"}],"collection":[{"href":"https:\/\/solidaires87.org\/sudeduclimousin\/wp-json\/wp\/v2\/posts"}],"about":[{"href":"https:\/\/solidaires87.org\/sudeduclimousin\/wp-json\/wp\/v2\/types\/post"}],"author":[{"embeddable":true,"href":"https:\/\/solidaires87.org\/sudeduclimousin\/wp-json\/wp\/v2\/users\/18"}],"replies":[{"embeddable":true,"href":"https:\/\/solidaires87.org\/sudeduclimousin\/wp-json\/wp\/v2\/comments?post=2666"}],"version-history":[{"count":1,"href":"https:\/\/solidaires87.org\/sudeduclimousin\/wp-json\/wp\/v2\/posts\/2666\/revisions"}],"predecessor-version":[{"id":2668,"href":"https:\/\/solidaires87.org\/sudeduclimousin\/wp-json\/wp\/v2\/posts\/2666\/revisions\/2668"}],"wp:attachment":[{"href":"https:\/\/solidaires87.org\/sudeduclimousin\/wp-json\/wp\/v2\/media?parent=2666"}],"wp:term":[{"taxonomy":"category","embeddable":true,"href":"https:\/\/solidaires87.org\/sudeduclimousin\/wp-json\/wp\/v2\/categories?post=2666"},{"taxonomy":"post_tag","embeddable":true,"href":"https:\/\/solidaires87.org\/sudeduclimousin\/wp-json\/wp\/v2\/tags?post=2666"}],"curies":[{"name":"wp","href":"https:\/\/api.w.org\/{rel}","templated":true}]}}