{"id":260,"date":"2016-07-10T21:01:46","date_gmt":"2016-07-10T20:01:46","guid":{"rendered":"http:\/\/solidaires87.org\/sudeduclimousin\/?p=260"},"modified":"2016-09-05T21:02:55","modified_gmt":"2016-09-05T20:02:55","slug":"congres-regional-lundi-17-et-mardi-18-octobre-2016","status":"publish","type":"post","link":"https:\/\/solidaires87.org\/sudeduclimousin\/2016\/07\/10\/congres-regional-lundi-17-et-mardi-18-octobre-2016\/","title":{"rendered":"Congr\u00e8s r\u00e9gional, lundi 17 et mardi 18 octobre 2016"},"content":{"rendered":"<p align=\"LEFT\"><span style=\"font-size: large\">Notre Congr\u00e8s R\u00e9gional aura lieu<br \/>\n<\/span><\/p>\n<p align=\"center\"><span style=\"font-size: large\"><b>les lundi 17 et mardi 18 octobre 2016 <\/b><\/span><b><span style=\"font-size: large\">au ch\u00e2teau de Ligoure (87).<\/span><\/b><\/p>\n<p class=\"western\"><span style=\"font-family: Calibri,serif\"><span style=\"font-size: small\">L\u2019ordre du jour pr\u00e9visionnel est le suivant :<\/span><\/span><\/p>\n<p class=\"western\"><span style=\"font-family: Calibri,serif\"><b>Lundi 17 octobre 2016<\/b><\/span><\/p>\n<p class=\"western\"><span style=\"font-family: Calibri,serif\"><span style=\"font-size: small\">9h3O &#8211; 10h\u00a0<\/span><\/span><span style=\"font-family: Calibri,serif\"><span style=\"font-size: small\">: Accueil autour d&rsquo;un caf\u00e9 convivial<\/span><\/span><\/p>\n<p class=\"western\"><span style=\"font-family: Calibri,serif\"><span style=\"font-size: small\">10h \u2013 10h15 : Modifications \u00e9ventuelles et approbation de l\u2019ordre de jour<\/span><\/span><\/p>\n<p class=\"western\"><span style=\"font-family: Calibri,serif\"><span style=\"font-size: small\">10h15 \u2013 11h\u00a0: Rapport d&rsquo;activit\u00e9 et rapport financier \u2013 Echange et votes<\/span><\/span><\/p>\n<p class=\"western\"><span style=\"font-family: Calibri,serif\"><span style=\"font-size: small\">11h \u2013 11h15\u00a0: Pause<\/span><\/span><\/p>\n<p class=\"western\"><span style=\"font-family: Calibri,serif\"><span style=\"font-size: small\">11h15 \u2013 12h15\u00a0: Etude et votes des amendements aux statuts puis vote des statuts<\/span><\/span><\/p>\n<p class=\"western\"><span style=\"font-family: Calibri,serif\"><span style=\"font-size: small\">12h15 \u2013 12h30\u00a0: Pause<\/span><\/span><\/p>\n<p class=\"western\"><span style=\"font-family: Calibri,serif\"><span style=\"font-size: small\">12h30 \u2013 14h\u00a0: D\u00e9jeuner convivial et autog\u00e9r\u00e9<\/span><\/span><\/p>\n<p class=\"western\"><span style=\"font-family: Calibri,serif\"><span style=\"font-size: small\">14h \u2013 14h45\u00a0: La parole aux invit\u00e9(e)s (Solidaires 87, Solidaires 19, &#8230;)<\/span><\/span><\/p>\n<p class=\"western\"><span style=\"font-family: Calibri,serif\"><span style=\"font-size: small\">14h45 \u2013 15h\u00a0: Pause<\/span><\/span><\/p>\n<p class=\"western\"><span style=\"font-family: Calibri,serif\"><span style=\"font-size: small\">15h- 16h30\u00a0: Discussion concernant nos orientations r\u00e9gionales et le d\u00e9veloppement du syndicat.<\/span><\/span><\/p>\n<p class=\"western\"><span style=\"font-family: Calibri,serif\"><b>Mardi 18 octobre 2016<\/b><\/span><\/p>\n<p class=\"western\"><span style=\"font-family: Calibri,serif\"><span style=\"font-size: small\">9h3O &#8211; 10h\u00a0<\/span><\/span><span style=\"font-family: Calibri,serif\"><span style=\"font-size: small\">: Accueil autour d&rsquo;un caf\u00e9 convivial<\/span><\/span><\/p>\n<p class=\"western\"><span style=\"font-family: Calibri,serif\"><span style=\"font-size: small\">10h \u2013 11h\u00a0: Discussion concernant nos orientations r\u00e9gionales et le d\u00e9veloppement du syndicat (suite).<\/span><\/span><\/p>\n<p class=\"western\"><span style=\"font-family: Calibri,serif\"><span style=\"font-size: small\">11h \u2013 11h15\u00a0: Pause<\/span><\/span><\/p>\n<p class=\"western\"><span style=\"font-family: Calibri,serif\"><span style=\"font-size: small\">11h15 \u2013 12h15\u00a0: Orientations r\u00e9gionales\u00a0: groupes de travail<\/span><\/span><\/p>\n<p class=\"western\"><span style=\"font-family: Calibri,serif\"><span style=\"font-size: small\">12h15 \u2013 12h30\u00a0: Pause<\/span><\/span><\/p>\n<p class=\"western\"><span style=\"font-family: Calibri,serif\"><span style=\"font-size: small\">12h30 \u2013 14h\u00a0: D\u00e9jeuner convivial et autog\u00e9r\u00e9<\/span><\/span><\/p>\n<p class=\"western\"><span style=\"font-family: Calibri,serif\"><span style=\"font-size: small\">14h \u2013 15h15\u00a0: Orientations r\u00e9gionales\u00a0: groupes de travail (suite)<\/span><\/span><\/p>\n<p class=\"western\"><span style=\"font-family: Calibri,serif\"><span style=\"font-size: small\">15h15 \u2013 15h30\u00a0: Pause<\/span><\/span><\/p>\n<p class=\"western\"><span style=\"font-family: Calibri,serif\"><span style=\"font-size: small\">15h30- 16h\u00a0: Retours des groupes de travail.<\/span><\/span><\/p>\n<p class=\"western\"><span style=\"font-family: Calibri,serif\"><span style=\"font-size: small\">16h- 16h30\u00a0: Bilan du congr\u00e8s r\u00e9gional.<\/span><\/span><\/p>\n","protected":false},"excerpt":{"rendered":"<p>Notre Congr\u00e8s R\u00e9gional aura lieu les lundi 17 et mardi 18 octobre 2016 au ch\u00e2teau de Ligoure (87). L\u2019ordre du jour pr\u00e9visionnel est le suivant : Lundi 17 octobre 2016 9h3O &#8211; 10h\u00a0: Accueil autour d&rsquo;un caf\u00e9 convivial 10h \u2013&#8230;<br \/><a class=\"read-more-button\" href=\"https:\/\/solidaires87.org\/sudeduclimousin\/2016\/07\/10\/congres-regional-lundi-17-et-mardi-18-octobre-2016\/\">Savoir plus<\/a><\/p>\n","protected":false},"author":18,"featured_media":0,"comment_status":"open","ping_status":"open","sticky":false,"template":"","format":"standard","meta":{"footnotes":""},"categories":[3],"tags":[],"_links":{"self":[{"href":"https:\/\/solidaires87.org\/sudeduclimousin\/wp-json\/wp\/v2\/posts\/260"}],"collection":[{"href":"https:\/\/solidaires87.org\/sudeduclimousin\/wp-json\/wp\/v2\/posts"}],"about":[{"href":"https:\/\/solidaires87.org\/sudeduclimousin\/wp-json\/wp\/v2\/types\/post"}],"author":[{"embeddable":true,"href":"https:\/\/solidaires87.org\/sudeduclimousin\/wp-json\/wp\/v2\/users\/18"}],"replies":[{"embeddable":true,"href":"https:\/\/solidaires87.org\/sudeduclimousin\/wp-json\/wp\/v2\/comments?post=260"}],"version-history":[{"count":2,"href":"https:\/\/solidaires87.org\/sudeduclimousin\/wp-json\/wp\/v2\/posts\/260\/revisions"}],"predecessor-version":[{"id":262,"href":"https:\/\/solidaires87.org\/sudeduclimousin\/wp-json\/wp\/v2\/posts\/260\/revisions\/262"}],"wp:attachment":[{"href":"https:\/\/solidaires87.org\/sudeduclimousin\/wp-json\/wp\/v2\/media?parent=260"}],"wp:term":[{"taxonomy":"category","embeddable":true,"href":"https:\/\/solidaires87.org\/sudeduclimousin\/wp-json\/wp\/v2\/categories?post=260"},{"taxonomy":"post_tag","embeddable":true,"href":"https:\/\/solidaires87.org\/sudeduclimousin\/wp-json\/wp\/v2\/tags?post=260"}],"curies":[{"name":"wp","href":"https:\/\/api.w.org\/{rel}","templated":true}]}}