{"id":252,"date":"2016-10-13T21:51:01","date_gmt":"2016-10-13T20:51:01","guid":{"rendered":"http:\/\/solidaires87.org\/sudeduclimousin\/?p=252"},"modified":"2016-11-22T18:35:46","modified_gmt":"2016-11-22T17:35:46","slug":"face-aux-attaques-renforcons-le-syndicalisme-de-lutte-adherez-a-sud-education","status":"publish","type":"post","link":"https:\/\/solidaires87.org\/sudeduclimousin\/2016\/10\/13\/face-aux-attaques-renforcons-le-syndicalisme-de-lutte-adherez-a-sud-education\/","title":{"rendered":"Face aux attaques renfor\u00e7ons le syndicalisme de lutte : adh\u00e9rez \u00e0 SUD \u00e9ducation !"},"content":{"rendered":"<div class=\"chapo\">\n<p>Pour faire respecter nos droits, individuels et collectifs, pour en conqu\u00e9rir de nouveaux, pour faire vivre les principes de solidarit\u00e9 et de justice sociale et mener les luttes indispensables face aux pouvoirs, \u00e0 l\u2019arbitraire et aux pressions hi\u00e9rarchiques, il existe un outil\u00a0: le syndicat tel que nous essayons de le construire.<\/p>\n<\/div>\n<div class=\"texte\">\n<p><img loading=\"lazy\" decoding=\"async\" class=\"alignnone size-medium wp-image-277\" src=\"http:\/\/solidaires87.org\/sudeduclimousin\/wp-content\/uploads\/sites\/4\/2016\/09\/Gros-poisson-212x300.jpg\" alt=\"gros-poisson\" width=\"212\" height=\"300\" srcset=\"https:\/\/solidaires87.org\/sudeduclimousin\/wp-content\/uploads\/sites\/4\/2016\/09\/Gros-poisson-212x300.jpg 212w, https:\/\/solidaires87.org\/sudeduclimousin\/wp-content\/uploads\/sites\/4\/2016\/09\/Gros-poisson.jpg 500w\" sizes=\"(max-width: 212px) 100vw, 212px\" \/><\/p>\n<h3 class=\"spip\"><i>Un <\/i> contre-pouvoir ind\u00e9pendant &#8211; Pour une autre \u00e9cole de la maternelle \u00e0 l\u2019universit\u00e9 &#8211; Pour une autre soci\u00e9t\u00e9<\/h3>\n<p>&nbsp;<\/p>\n<p><strong>Pour un service public \u00e9galitaire, contre l\u2019\u00e9cole lib\u00e9rale<\/strong><br class=\"autobr\" \/> \u00ab\u00a0L\u2019autonomie\u00a0\u00bb (des universit\u00e9s, des lyc\u00e9es, et maintenant des coll\u00e8ges) g\u00e9n\u00e9ralise la concurrence et augmente les in\u00e9galit\u00e9s, tout comme la r\u00e9forme des rythmes scolaires. Contre l\u2019\u00e9cole du tri social, nous voulons une scolarit\u00e9 polytechnique unique pour toutes et tous jusqu\u2019\u00e0 18 ans. Contre l\u2019adaptation de l\u2019\u00e9cole aux exigences du patronat, nous revendiquons un service public gratuit, la\u00efque, \u00e9galitaire et \u00e9mancipateur avec les moyens n\u00e9cessaires pour garantir partout l\u2019\u00e9galit\u00e9 du droit \u00e0 l\u2019\u00e9ducation.<br class=\"autobr\" \/> <strong>-&gt; Cela suppose d\u2019abord un tout autre budget et la r\u00e9duction des effectifs par classe<\/strong><\/p>\n<p><br class=\"autobr\" \/> <strong>Pour la solidarit\u00e9 et la hausse des salaires, contre l\u2019aust\u00e9rit\u00e9<\/strong><br class=\"autobr\" \/> L\u2019aust\u00e9rit\u00e9 attaque les services publics, les droits sociaux et les solidarit\u00e9s. Les in\u00e9galit\u00e9s explosent. Les dividendes vers\u00e9s aux actionnaires des entreprises du CAC 40 ont augment\u00e9 de 30% en un an, pour atteindre 56 milliards. Le patrimoine des 1% les plus riches du monde d\u00e9passe celui des 99% de la population restante.<br class=\"autobr\" \/> <strong>-&gt; De l\u2019argent, il y en a, pour les salaires, la s\u00e9cu, les services publics\u2026<\/strong><\/p>\n<p><br class=\"autobr\" \/> <strong>Pour l\u2019\u00e9galit\u00e9 des droits, contre la pr\u00e9carit\u00e9<\/strong><br class=\"autobr\" \/> La multiplication des statuts, des corps, des grades, des grilles de salaire et des hi\u00e9rarchies a pour effet de mettre en concurrence les personnels entre eux et de faire des in\u00e9galit\u00e9s un syst\u00e8me g\u00e9n\u00e9ral. Revendiquons l\u2019\u00e9galit\u00e9, le statut unique\u00a0! L\u2019augmentation des contrats pr\u00e9caires engendre des conditions de vie et de travail intol\u00e9rables pour les salari\u00e9-e-s concern\u00e9-e-s. C\u2019est \u00e9galement une attaque contre le statut de fonctionnaire, contre la continuit\u00e9 des \u00e9quipes de travail et contre le service public lui-m\u00eame. Revendiquons la titularisation sans condition de l\u2019ensemble des non-titulaires et l\u2019arr\u00eat du recours \u00e0 la pr\u00e9carit\u00e9\u00a0!<br class=\"autobr\" \/> <strong>-&gt; Pour un statut unique garantissant les m\u00eames droits \u00e0 toutes et tous<\/strong><\/p>\n<p><strong>Pour la baisse du temps de travail, contre la casse des statuts<\/strong><br class=\"autobr\" \/> Notre charge de travail ne cesse d\u2019augmenter. Les diff\u00e9rentes r\u00e9formes des statuts, missions et services fragilisent les garanties collectives. Le statut de fonctionnaire m\u00eame est menac\u00e9 et doit \u00eatre d\u00e9fendu. SUD \u00e9ducation lutte contre toute d\u00e9gradation, toute annualisation, toute pr\u00e9carisation. Nous revendiquons des am\u00e9liorations statutaires, une diminution g\u00e9n\u00e9rale du temps de travail, la compensation des t\u00e2ches suppl\u00e9mentaires et des conditions de travail difficiles par des r\u00e9ductions du temps de service.<br class=\"autobr\" \/> <strong>-&gt; Contre le ch\u00f4mage de masse, pour vivre et travailler mieux, il faut r\u00e9duire le temps de travail <\/strong><\/p>\n<p><strong>Pour des pratiques coop\u00e9ratives, contre la concurrence g\u00e9n\u00e9rale<\/strong><br class=\"autobr\" \/> SUD \u00e9ducation m\u00e8ne campagne pour que notre employeur assume ses responsabilit\u00e9s sur la pr\u00e9vention de la \u00ab\u00a0souffrance au travail\u00a0\u00bb, des risques psycho-sociaux li\u00e9s \u00e0 la d\u00e9gradation de nos conditions de travail. En cause, l\u2019aust\u00e9rit\u00e9 budg\u00e9taire, mais \u00e9galement le d\u00e9veloppement du \u00ab\u00a0management\u00a0\u00bb et les pressions hi\u00e9rarchiques. Nous d\u00e9non\u00e7ons le syst\u00e8me hi\u00e9rarchique lui m\u00eame, son organisation in\u00e9galitaire, pyramidale, infantilisante. Nous promouvons les pratiques coop\u00e9ratives et autogestionnaires dans les \u00e9coles, les \u00e9tablissements et les services. L\u2019\u00e9cole doit \u00eatre coop\u00e9rative, d\u00e9veloppant une p\u00e9dagogie active et des m\u00e9thodes d\u2019apprentissage qui permettent l\u2019entraide entre \u00e9l\u00e8ves et le travail de groupe au lieu de favoriser comp\u00e9tition et \u00e9litisme.<br class=\"autobr\" \/> <strong>-&gt; Contre le syst\u00e8me hi\u00e9rarchique\u00a0: l\u2019autogestion\u00a0!<\/strong><\/p>\n<p>&nbsp;<\/p>\n<blockquote class=\"spip\"><p><strong> Pour faire respecter nos droits, individuels et collectifs, pour en conqu\u00e9rir de nouveaux, pour faire vivre les principes de solidarit\u00e9 et de justice sociale et mener les luttes indispensables face aux pouvoirs, \u00e0 l\u2019arbitraire et aux pressions hi\u00e9rarchiques, il existe un outil\u00a0: le syndicat tel que nous essayons de le construire. <\/strong><\/p><\/blockquote>\n<p>&nbsp;<\/p>\n<p><strong>Parce que ce qui \u00e9tait inacceptable hier l\u2019est tout autant aujourd\u2019hui <\/strong>\u00a0: in\u00e9galit\u00e9s, ch\u00f4mage de masse et pr\u00e9carit\u00e9 galopante, politique anti-immigr\u00e9-e-s et harc\u00e8lement des mal-log\u00e9-e-s, d\u00e9mant\u00e8lement des services publics, blocage des salaires et baisse de notre niveau de vie, r\u00e9gressions et destruction des acquis sociaux, casse de la protection sociale, des retraites\u2026 Dans notre secteur, d\u00e9gradation des conditions de travail, mise en concurrence, adaptation de l\u2019\u00e9ducation aux besoins des entreprises\u2026<\/p>\n<p><strong>Parce que le v\u00e9ritable changement social d\u00e9pend de nos luttes<\/strong>, de notre capacit\u00e9 \u00e0 nous rassembler pour r\u00e9sister, imaginer et imposer des alternatives.<\/p>\n<p><strong>Parce que le syndicalisme que nous portons allie la d\u00e9fense quotidienne des salari\u00e9-e-s et l\u2019action pour la transformation en profondeur de la soci\u00e9t\u00e9.<br class=\"autobr\" \/> Renfor\u00e7ons le syndicalisme de lutte et de transformation sociale, adh\u00e9rez \u00e0 SUD \u00e9ducation\u00a0!<\/strong><\/p>\n<p>Sans connivence avec la hi\u00e9rarchie, nous d\u00e9fendons tous les personnels face aux pressions, aux injustices, et nous mettons nos moyens syndicaux au service de leurs luttes.<\/p>\n<p>Sans connivence avec le minist\u00e8re ou le gouvernement, nous organisons la r\u00e9sistance aux contre-r\u00e9formes d\u2019o\u00f9 qu\u2019elles viennent, nous d\u00e9fendons les revendications et les droits des personnels.<\/p>\n<hr class=\"spip\" \/>\n<h3 class=\"spip\">5 bonnes raisons d\u2019adh\u00e9rer \u00e0 SUD \u00e9ducation<\/h3>\n<p>&nbsp;<\/p>\n<p><strong>1. Un syndicat solidaire<\/strong><\/p>\n<p>Pr\u00e9carit\u00e9, libert\u00e9s publiques, droits des femmes, discriminations de genre, racisme, sans-papiers, La Poste, le Rail, OGM, recherche, culture, services publics, etc., toutes nos luttes doivent converger, dans le public et le priv\u00e9. Notre Union syndicale Solidaires y contribue activement (elle regroupe les syndicats SUD et d\u2019autres syndicats de diff\u00e9rents secteurs professionnels du public et du priv\u00e9).<br class=\"autobr\" \/> Partout, la solidarit\u00e9 doit l\u2019emporter sur la concurrence et la recherche du profit.<\/p>\n<p><strong>2. Un syndicat unitaire et intercat\u00e9goriel<\/strong><\/p>\n<p>Parce que sectoriser les luttes et \u00e9parpiller les revendications revient \u00e0 faire le jeu des pouvoirs, nous sommes un syndicat r\u00e9solument intercat\u00e9goriel\u00a0: un seul syndicat pour tous les personnels de l\u2019\u00c9ducation nationale, tous m\u00e9tiers confondus, de la maternelle \u00e0 l\u2019universit\u00e9, sans condition ni de statut ni de grade, titulaire ou non. <br class=\"autobr\" \/> SUD \u00e9ducation pr\u00f4ne l\u2019unit\u00e9 d\u2019action du front syndical, tout en portant ses propres orientations pour faire vivre le d\u00e9bat d\u00e9mocratique et mener les actions n\u00e9cessaires.<\/p>\n<p><br class=\"autobr\" \/> <strong>3. Un syndicat d\u00e9mocratique<\/strong><\/p>\n<p>Nos assembl\u00e9es g\u00e9n\u00e9rales d\u2019adh\u00e9rent-e-s fr\u00e9quentes prennent les d\u00e9cisions l\u2019orientation. Nous pratiquons la rotation des responsabilit\u00e9s. Les coll\u00e8gues qui, pour<br class=\"autobr\" \/> une dur\u00e9e limit\u00e9e, ont des heures de d\u00e9charge syndicale, travaillent toujours au moins \u00e0 mi-temps, dans toute la f\u00e9d\u00e9ration SUD \u00e9ducation. Avec SUD, pas de bureaucratie, vos \u00e9lu-e-s et repr\u00e9sentant-e-s partagent votre quotidien professionnel. Nous d\u00e9fendons la conduite des mouvements de gr\u00e8ves par les personnels mobilis\u00e9s et mettons nos moyens au service des luttes.<\/p>\n<p><br class=\"autobr\" \/> <strong>4. Un syndicat de lutte<\/strong><\/p>\n<p>SUD \u00e9ducation refuse le client\u00e9lisme et la cogestion. Nous refusons de cautionner les r\u00e9gressions en n\u00e9gociant \u00e0 la marge les contre-r\u00e9formes lib\u00e9rales. Les \u00e9lections (professionnelles ou autres) ne suffiront pas \u00e0 obtenir les changements radicaux dont l\u2019\u00e9cole et la soci\u00e9t\u00e9 ont besoin. Ces changements passent, en particulier, par un mouvement social fort, qui affronte le patronat et le gouvernement, sous le contr\u00f4le des gr\u00e9vistes.<\/p>\n<p><br class=\"autobr\" \/> <strong>5. Un syndicat de transformation sociale<\/strong><\/p>\n<p>SUD \u00e9ducation lutte pour les revendications imm\u00e9diates des personnels (salaires, conditions de travail, protection sociale, etc.) mais aussi pour une rupture avec ce syst\u00e8me qui vit de l\u2019in\u00e9galit\u00e9 et de la pr\u00e9carit\u00e9\u00a0: pour une autre \u00e9cole, une autre soci\u00e9t\u00e9. Nous ne sommes ni nostalgiques d\u2019un pass\u00e9 id\u00e9alis\u00e9 ni pour le statu quo\u00a0: l\u2019\u00e9cole et la soci\u00e9t\u00e9 sont profond\u00e9ment injustes, elles ont besoin de transformations majeures. Pour \u00eatre efficace, notre syndicalisme ne s\u2019arr\u00eate donc pas \u00e0 la porte des lieux de travail.<\/p>\n<p><img loading=\"lazy\" decoding=\"async\" class=\"alignnone size-full wp-image-254\" src=\"http:\/\/solidaires87.org\/sudeduclimousin\/wp-content\/uploads\/sites\/4\/2016\/09\/arton5983-ef4d2.png\" alt=\"arton5983-ef4d2\" width=\"105\" height=\"150\" \/><\/p>\n<p><a href=\"http:\/\/solidaires87.org\/sudeduclimousin\/wp-content\/uploads\/sites\/4\/2016\/09\/4pagessudeduc_syndicalisation_15.pdf\">4 pages syndicalisation<\/a><\/p>\n<\/div>\n","protected":false},"excerpt":{"rendered":"<p>Pour faire respecter nos droits, individuels et collectifs, pour en conqu\u00e9rir de nouveaux, pour faire vivre les principes de solidarit\u00e9 et de justice sociale et mener les luttes indispensables face aux pouvoirs, \u00e0 l\u2019arbitraire et aux pressions hi\u00e9rarchiques, il existe&#8230;<br \/><a class=\"read-more-button\" href=\"https:\/\/solidaires87.org\/sudeduclimousin\/2016\/10\/13\/face-aux-attaques-renforcons-le-syndicalisme-de-lutte-adherez-a-sud-education\/\">Savoir plus<\/a><\/p>\n","protected":false},"author":18,"featured_media":0,"comment_status":"open","ping_status":"open","sticky":false,"template":"","format":"standard","meta":{"footnotes":""},"categories":[11],"tags":[],"_links":{"self":[{"href":"https:\/\/solidaires87.org\/sudeduclimousin\/wp-json\/wp\/v2\/posts\/252"}],"collection":[{"href":"https:\/\/solidaires87.org\/sudeduclimousin\/wp-json\/wp\/v2\/posts"}],"about":[{"href":"https:\/\/solidaires87.org\/sudeduclimousin\/wp-json\/wp\/v2\/types\/post"}],"author":[{"embeddable":true,"href":"https:\/\/solidaires87.org\/sudeduclimousin\/wp-json\/wp\/v2\/users\/18"}],"replies":[{"embeddable":true,"href":"https:\/\/solidaires87.org\/sudeduclimousin\/wp-json\/wp\/v2\/comments?post=252"}],"version-history":[{"count":6,"href":"https:\/\/solidaires87.org\/sudeduclimousin\/wp-json\/wp\/v2\/posts\/252\/revisions"}],"predecessor-version":[{"id":279,"href":"https:\/\/solidaires87.org\/sudeduclimousin\/wp-json\/wp\/v2\/posts\/252\/revisions\/279"}],"wp:attachment":[{"href":"https:\/\/solidaires87.org\/sudeduclimousin\/wp-json\/wp\/v2\/media?parent=252"}],"wp:term":[{"taxonomy":"category","embeddable":true,"href":"https:\/\/solidaires87.org\/sudeduclimousin\/wp-json\/wp\/v2\/categories?post=252"},{"taxonomy":"post_tag","embeddable":true,"href":"https:\/\/solidaires87.org\/sudeduclimousin\/wp-json\/wp\/v2\/tags?post=252"}],"curies":[{"name":"wp","href":"https:\/\/api.w.org\/{rel}","templated":true}]}}