{"id":2419,"date":"2020-03-01T15:45:59","date_gmt":"2020-03-01T14:45:59","guid":{"rendered":"http:\/\/solidaires87.org\/sudeduclimousin\/?p=2419"},"modified":"2020-03-01T15:46:01","modified_gmt":"2020-03-01T14:46:01","slug":"coronavirus-sud-education-denonce-des-consignes-ministerielles-floues-et-ambigues","status":"publish","type":"post","link":"https:\/\/solidaires87.org\/sudeduclimousin\/2020\/03\/01\/coronavirus-sud-education-denonce-des-consignes-ministerielles-floues-et-ambigues\/","title":{"rendered":"Coronavirus : SUD \u00e9ducation d\u00e9nonce des consignes minist\u00e9rielles floues et ambigu\u00ebs"},"content":{"rendered":"<b>PDF Embedder requires a url attribute<\/b>\n\n<a href=\"https:\/\/solidaires87.org\/sudeduclimousin\/wp-content\/uploads\/sites\/4\/2020\/03\/coronavirus_-_sud_education_denonce_des_consignes_ministerielles_floues_et_ambigues.pdf\" class=\"pdfemb-viewer\" style=\"\" data-width=\"max\" data-height=\"max\"  data-toolbar=\"bottom\" data-toolbar-fixed=\"off\">coronavirus_-_sud_education_denonce_des_consignes_ministerielles_floues_et_ambigues<br\/><\/a>\n<p class=\"wp-block-pdfemb-pdf-embedder-viewer\"><\/p>\n","protected":false},"excerpt":{"rendered":"","protected":false},"author":18,"featured_media":0,"comment_status":"closed","ping_status":"open","sticky":false,"template":"","format":"standard","meta":{"footnotes":""},"categories":[9],"tags":[],"_links":{"self":[{"href":"https:\/\/solidaires87.org\/sudeduclimousin\/wp-json\/wp\/v2\/posts\/2419"}],"collection":[{"href":"https:\/\/solidaires87.org\/sudeduclimousin\/wp-json\/wp\/v2\/posts"}],"about":[{"href":"https:\/\/solidaires87.org\/sudeduclimousin\/wp-json\/wp\/v2\/types\/post"}],"author":[{"embeddable":true,"href":"https:\/\/solidaires87.org\/sudeduclimousin\/wp-json\/wp\/v2\/users\/18"}],"replies":[{"embeddable":true,"href":"https:\/\/solidaires87.org\/sudeduclimousin\/wp-json\/wp\/v2\/comments?post=2419"}],"version-history":[{"count":1,"href":"https:\/\/solidaires87.org\/sudeduclimousin\/wp-json\/wp\/v2\/posts\/2419\/revisions"}],"predecessor-version":[{"id":2421,"href":"https:\/\/solidaires87.org\/sudeduclimousin\/wp-json\/wp\/v2\/posts\/2419\/revisions\/2421"}],"wp:attachment":[{"href":"https:\/\/solidaires87.org\/sudeduclimousin\/wp-json\/wp\/v2\/media?parent=2419"}],"wp:term":[{"taxonomy":"category","embeddable":true,"href":"https:\/\/solidaires87.org\/sudeduclimousin\/wp-json\/wp\/v2\/categories?post=2419"},{"taxonomy":"post_tag","embeddable":true,"href":"https:\/\/solidaires87.org\/sudeduclimousin\/wp-json\/wp\/v2\/tags?post=2419"}],"curies":[{"name":"wp","href":"https:\/\/api.w.org\/{rel}","templated":true}]}}