{"id":2329,"date":"2020-02-16T08:28:34","date_gmt":"2020-02-16T07:28:34","guid":{"rendered":"http:\/\/solidaires87.org\/sudeduclimousin\/?p=2329"},"modified":"2020-02-16T08:32:24","modified_gmt":"2020-02-16T07:32:24","slug":"chantal-raffanel-condamnee-en-appel-pour-un-geste-solidaire-envers-un-jeune-migrant","status":"publish","type":"post","link":"https:\/\/solidaires87.org\/sudeduclimousin\/2020\/02\/16\/chantal-raffanel-condamnee-en-appel-pour-un-geste-solidaire-envers-un-jeune-migrant\/","title":{"rendered":"Chantal Raffanel condamn\u00e9e en appel pour un geste solidaire envers un jeune migrant,"},"content":{"rendered":"\n<p><strong>SUD \u00e9ducation d\u00e9nonce le traitement  scandaleux r\u00e9serv\u00e9 par la justice aux b\u00e9n\u00e9voles du RESF !<\/strong><\/p>\n\n\n<a href=\"https:\/\/solidaires87.org\/sudeduclimousin\/wp-content\/uploads\/sites\/4\/2020\/02\/sud_education_denonce_le_traitement_scandaleux_reserve_par_la_justice_aux_benevoles_du_resf_.pdf\" class=\"pdfemb-viewer\" style=\"\" data-width=\"max\" data-height=\"max\"  data-toolbar=\"bottom\" data-toolbar-fixed=\"off\">sud_education_denonce_le_traitement_scandaleux_reserve_par_la_justice_aux_benevoles_du_resf_<br\/><\/a>\n<p class=\"wp-block-pdfemb-pdf-embedder-viewer\"><\/p>\n","protected":false},"excerpt":{"rendered":"<p>SUD \u00e9ducation d\u00e9nonce le traitement scandaleux r\u00e9serv\u00e9 par la justice aux b\u00e9n\u00e9voles du RESF !<\/p>\n","protected":false},"author":18,"featured_media":0,"comment_status":"closed","ping_status":"open","sticky":false,"template":"","format":"standard","meta":{"footnotes":""},"categories":[9,20,5],"tags":[],"_links":{"self":[{"href":"https:\/\/solidaires87.org\/sudeduclimousin\/wp-json\/wp\/v2\/posts\/2329"}],"collection":[{"href":"https:\/\/solidaires87.org\/sudeduclimousin\/wp-json\/wp\/v2\/posts"}],"about":[{"href":"https:\/\/solidaires87.org\/sudeduclimousin\/wp-json\/wp\/v2\/types\/post"}],"author":[{"embeddable":true,"href":"https:\/\/solidaires87.org\/sudeduclimousin\/wp-json\/wp\/v2\/users\/18"}],"replies":[{"embeddable":true,"href":"https:\/\/solidaires87.org\/sudeduclimousin\/wp-json\/wp\/v2\/comments?post=2329"}],"version-history":[{"count":2,"href":"https:\/\/solidaires87.org\/sudeduclimousin\/wp-json\/wp\/v2\/posts\/2329\/revisions"}],"predecessor-version":[{"id":2332,"href":"https:\/\/solidaires87.org\/sudeduclimousin\/wp-json\/wp\/v2\/posts\/2329\/revisions\/2332"}],"wp:attachment":[{"href":"https:\/\/solidaires87.org\/sudeduclimousin\/wp-json\/wp\/v2\/media?parent=2329"}],"wp:term":[{"taxonomy":"category","embeddable":true,"href":"https:\/\/solidaires87.org\/sudeduclimousin\/wp-json\/wp\/v2\/categories?post=2329"},{"taxonomy":"post_tag","embeddable":true,"href":"https:\/\/solidaires87.org\/sudeduclimousin\/wp-json\/wp\/v2\/tags?post=2329"}],"curies":[{"name":"wp","href":"https:\/\/api.w.org\/{rel}","templated":true}]}}