{"id":2305,"date":"2020-02-10T17:06:03","date_gmt":"2020-02-10T16:06:03","guid":{"rendered":"http:\/\/solidaires87.org\/sudeduclimousin\/?p=2305"},"modified":"2020-02-10T17:06:04","modified_gmt":"2020-02-10T16:06:04","slug":"amiante-a-lecole-sud-education-denonce-un-scandale-sanitaire","status":"publish","type":"post","link":"https:\/\/solidaires87.org\/sudeduclimousin\/2020\/02\/10\/amiante-a-lecole-sud-education-denonce-un-scandale-sanitaire\/","title":{"rendered":"Amiante \u00e0 l\u2019\u00e9cole : SUD \u00e9ducation d\u00e9nonce un scandale sanitaire"},"content":{"rendered":"<a href=\"https:\/\/solidaires87.org\/sudeduclimousin\/wp-content\/uploads\/sites\/4\/2020\/02\/Amiante-\u00e0-l\u00e9cole-_-SUD-\u00e9ducation-d\u00e9nonce-un-scandale-sanitaire.pdf\" class=\"pdfemb-viewer\" style=\"\" data-width=\"max\" data-height=\"max\"  data-toolbar=\"bottom\" data-toolbar-fixed=\"off\">Amiante-\u00e0-l\u00e9cole-_-SUD-\u00e9ducation-d\u00e9nonce-un-scandale-sanitaire<br\/><\/a>\n<p class=\"wp-block-pdfemb-pdf-embedder-viewer\"><\/p>\n","protected":false},"excerpt":{"rendered":"","protected":false},"author":18,"featured_media":0,"comment_status":"closed","ping_status":"open","sticky":false,"template":"","format":"standard","meta":{"footnotes":""},"categories":[9],"tags":[],"_links":{"self":[{"href":"https:\/\/solidaires87.org\/sudeduclimousin\/wp-json\/wp\/v2\/posts\/2305"}],"collection":[{"href":"https:\/\/solidaires87.org\/sudeduclimousin\/wp-json\/wp\/v2\/posts"}],"about":[{"href":"https:\/\/solidaires87.org\/sudeduclimousin\/wp-json\/wp\/v2\/types\/post"}],"author":[{"embeddable":true,"href":"https:\/\/solidaires87.org\/sudeduclimousin\/wp-json\/wp\/v2\/users\/18"}],"replies":[{"embeddable":true,"href":"https:\/\/solidaires87.org\/sudeduclimousin\/wp-json\/wp\/v2\/comments?post=2305"}],"version-history":[{"count":1,"href":"https:\/\/solidaires87.org\/sudeduclimousin\/wp-json\/wp\/v2\/posts\/2305\/revisions"}],"predecessor-version":[{"id":2307,"href":"https:\/\/solidaires87.org\/sudeduclimousin\/wp-json\/wp\/v2\/posts\/2305\/revisions\/2307"}],"wp:attachment":[{"href":"https:\/\/solidaires87.org\/sudeduclimousin\/wp-json\/wp\/v2\/media?parent=2305"}],"wp:term":[{"taxonomy":"category","embeddable":true,"href":"https:\/\/solidaires87.org\/sudeduclimousin\/wp-json\/wp\/v2\/categories?post=2305"},{"taxonomy":"post_tag","embeddable":true,"href":"https:\/\/solidaires87.org\/sudeduclimousin\/wp-json\/wp\/v2\/tags?post=2305"}],"curies":[{"name":"wp","href":"https:\/\/api.w.org\/{rel}","templated":true}]}}