{"id":2299,"date":"2020-02-10T17:04:08","date_gmt":"2020-02-10T16:04:08","guid":{"rendered":"http:\/\/solidaires87.org\/sudeduclimousin\/?p=2299"},"modified":"2020-02-10T17:04:09","modified_gmt":"2020-02-10T16:04:09","slug":"coordination-nationale-des-1-er-et-2-fevrier-2020-des-facs-et-des-labos-determines-dans-la-lutte","status":"publish","type":"post","link":"https:\/\/solidaires87.org\/sudeduclimousin\/2020\/02\/10\/coordination-nationale-des-1-er-et-2-fevrier-2020-des-facs-et-des-labos-determines-dans-la-lutte\/","title":{"rendered":"Coordination nationale des 1 er et 2 f\u00e9vrier 2020 : des facs et des labos d\u00e9termin\u00e9s dans la lutte"},"content":{"rendered":"<a href=\"https:\/\/solidaires87.org\/sudeduclimousin\/wp-content\/uploads\/sites\/4\/2020\/02\/cp_coordination_facs_et_labos.pdf\" class=\"pdfemb-viewer\" style=\"\" data-width=\"max\" data-height=\"max\"  data-toolbar=\"bottom\" data-toolbar-fixed=\"off\">cp_coordination_facs_et_labos<br\/><\/a>\n<p class=\"wp-block-pdfemb-pdf-embedder-viewer\"><\/p>\n","protected":false},"excerpt":{"rendered":"","protected":false},"author":18,"featured_media":0,"comment_status":"closed","ping_status":"open","sticky":false,"template":"","format":"standard","meta":{"footnotes":""},"categories":[9,5],"tags":[],"_links":{"self":[{"href":"https:\/\/solidaires87.org\/sudeduclimousin\/wp-json\/wp\/v2\/posts\/2299"}],"collection":[{"href":"https:\/\/solidaires87.org\/sudeduclimousin\/wp-json\/wp\/v2\/posts"}],"about":[{"href":"https:\/\/solidaires87.org\/sudeduclimousin\/wp-json\/wp\/v2\/types\/post"}],"author":[{"embeddable":true,"href":"https:\/\/solidaires87.org\/sudeduclimousin\/wp-json\/wp\/v2\/users\/18"}],"replies":[{"embeddable":true,"href":"https:\/\/solidaires87.org\/sudeduclimousin\/wp-json\/wp\/v2\/comments?post=2299"}],"version-history":[{"count":1,"href":"https:\/\/solidaires87.org\/sudeduclimousin\/wp-json\/wp\/v2\/posts\/2299\/revisions"}],"predecessor-version":[{"id":2301,"href":"https:\/\/solidaires87.org\/sudeduclimousin\/wp-json\/wp\/v2\/posts\/2299\/revisions\/2301"}],"wp:attachment":[{"href":"https:\/\/solidaires87.org\/sudeduclimousin\/wp-json\/wp\/v2\/media?parent=2299"}],"wp:term":[{"taxonomy":"category","embeddable":true,"href":"https:\/\/solidaires87.org\/sudeduclimousin\/wp-json\/wp\/v2\/categories?post=2299"},{"taxonomy":"post_tag","embeddable":true,"href":"https:\/\/solidaires87.org\/sudeduclimousin\/wp-json\/wp\/v2\/tags?post=2299"}],"curies":[{"name":"wp","href":"https:\/\/api.w.org\/{rel}","templated":true}]}}