{"id":2224,"date":"2020-01-28T11:15:37","date_gmt":"2020-01-28T10:15:37","guid":{"rendered":"http:\/\/solidaires87.org\/sudeduclimousin\/?p=2224"},"modified":"2020-01-28T11:15:38","modified_gmt":"2020-01-28T10:15:38","slug":"scolarisation-des-mineur-e-s-etranger-e-s-dans-lacademie-de-rennes-sud-education-denonce-une-restriction-inacceptable","status":"publish","type":"post","link":"https:\/\/solidaires87.org\/sudeduclimousin\/2020\/01\/28\/scolarisation-des-mineur-e-s-etranger-e-s-dans-lacademie-de-rennes-sud-education-denonce-une-restriction-inacceptable\/","title":{"rendered":"Scolarisation des mineur-e-s \u00e9tranger-e-s dans l&rsquo;acad\u00e9mie de Rennes : SUD \u00e9ducation d\u00e9nonce une restriction inacceptable !"},"content":{"rendered":"<a href=\"https:\/\/solidaires87.org\/sudeduclimousin\/wp-content\/uploads\/sites\/4\/2020\/01\/scolarisation_des_mineur-e-s_etranger-e-s_dans_l_academie_de_rennes_sud_education_denonce_une_restriction_inacceptable.pdf\" class=\"pdfemb-viewer\" style=\"\" data-width=\"max\" data-height=\"max\"  data-toolbar=\"bottom\" data-toolbar-fixed=\"off\">scolarisation_des_mineur-e-s_etranger-e-s_dans_l_academie_de_rennes_sud_education_denonce_une_restriction_inacceptable<br\/><\/a>\n<p class=\"wp-block-pdfemb-pdf-embedder-viewer\"><\/p>\n","protected":false},"excerpt":{"rendered":"","protected":false},"author":18,"featured_media":0,"comment_status":"closed","ping_status":"open","sticky":false,"template":"","format":"standard","meta":{"footnotes":""},"categories":[9,20,5],"tags":[],"_links":{"self":[{"href":"https:\/\/solidaires87.org\/sudeduclimousin\/wp-json\/wp\/v2\/posts\/2224"}],"collection":[{"href":"https:\/\/solidaires87.org\/sudeduclimousin\/wp-json\/wp\/v2\/posts"}],"about":[{"href":"https:\/\/solidaires87.org\/sudeduclimousin\/wp-json\/wp\/v2\/types\/post"}],"author":[{"embeddable":true,"href":"https:\/\/solidaires87.org\/sudeduclimousin\/wp-json\/wp\/v2\/users\/18"}],"replies":[{"embeddable":true,"href":"https:\/\/solidaires87.org\/sudeduclimousin\/wp-json\/wp\/v2\/comments?post=2224"}],"version-history":[{"count":1,"href":"https:\/\/solidaires87.org\/sudeduclimousin\/wp-json\/wp\/v2\/posts\/2224\/revisions"}],"predecessor-version":[{"id":2226,"href":"https:\/\/solidaires87.org\/sudeduclimousin\/wp-json\/wp\/v2\/posts\/2224\/revisions\/2226"}],"wp:attachment":[{"href":"https:\/\/solidaires87.org\/sudeduclimousin\/wp-json\/wp\/v2\/media?parent=2224"}],"wp:term":[{"taxonomy":"category","embeddable":true,"href":"https:\/\/solidaires87.org\/sudeduclimousin\/wp-json\/wp\/v2\/categories?post=2224"},{"taxonomy":"post_tag","embeddable":true,"href":"https:\/\/solidaires87.org\/sudeduclimousin\/wp-json\/wp\/v2\/tags?post=2224"}],"curies":[{"name":"wp","href":"https:\/\/api.w.org\/{rel}","templated":true}]}}