{"id":221,"date":"2016-06-30T13:53:30","date_gmt":"2016-06-30T12:53:30","guid":{"rendered":"http:\/\/solidaires87.org\/sudeduclimousin\/?p=221"},"modified":"2019-12-29T10:28:48","modified_gmt":"2019-12-29T09:28:48","slug":"loi-travail-le-souffle-ne-nous-manque-pas","status":"publish","type":"post","link":"https:\/\/solidaires87.org\/sudeduclimousin\/2016\/06\/30\/loi-travail-le-souffle-ne-nous-manque-pas\/","title":{"rendered":"Loi Travail : Le souffle ne nous manque pas !"},"content":{"rendered":"<div class=\"soustitre\">\n<p>A Limoges, l\u2019intersyndicale r\u00e9unie le 29 juin lance un appel \u00e0 la gr\u00e8ve et \u00e0 manifestation le mardi 5 juillet.<\/p>\n<p>Rendez-vous \u00e0 10h30 boulevard de la cit\u00e9, devant le si\u00e8ge du Parti Socialiste.<\/p>\n<p>Pr\u00e9voir un v\u00e9lo et un maillot jaune !<\/p>\n<\/div>\n<p><img loading=\"lazy\" decoding=\"async\" src=\"https:\/\/www.solidaires.org\/local\/cache-vignettes\/L176xH250\/65a37283842f3f1f-43520-15c41-2e666.png?1466006493\" alt=\"PNG\" width=\"176\" height=\"250\" \/><\/p>\n<div class=\"detail\">\n<p><i><b>Communiqu\u00e9 CGT, FO, FSU, Solidaires, UNEF, UNL, FIDL<\/b><\/i><\/p>\n<\/div>\n<div class=\"detail\">Publi\u00e9\u00a0le\u00a0vendredi\u00a01er juillet 2016 sur <a href=\"http:\/\/www.sudeducation.org\/Loi-Travail-Le-souffle-ne-nous.html\">http:\/\/www.sudeducation.org\/Loi-Travail-Le-souffle-ne-nous.html<\/a><\/div>\n<div class=\"detail\"><\/div>\n<div class=\"texte\">\n<p><strong>La journ\u00e9e du 28 juin a \u00e9t\u00e9 comme toutes les autres journ\u00e9es de mobilisation depuis 4 mois, r\u00e9clamant le retrait du projet de loi et l\u2019obtention de nouveaux droits, un succ\u00e8s des salari\u00e9-es, jeunes, priv\u00e9-es d\u2019emplois et retrait\u00e9-es, succ\u00e8s et d\u00e9termination qui ne s\u2019essoufflent pas\u00a0! Ceci malgr\u00e9 certaines conditions de manifestation qui n\u2019ont pas permis \u00e0 toutes et \u00e0 tous d\u2019y participer.<\/strong><\/p>\n<p>Les premiers r\u00e9sultats de la votation citoyenne, lanc\u00e9e par les organisations syndicales depuis un mois, ont \u00e9t\u00e9 remis \u00e0 l\u2019Elys\u00e9e au conseiller social du Pr\u00e9sident de la R\u00e9publique le 28 juin au matin ainsi que dans les pr\u00e9fectures pour les votations d\u00e9partementales. Plus de 700 000 votants, 15 796 bureaux de votes principalement dans les entreprises, 92% des votants pour le retrait du projet de loi travail, viennent renforcer l\u2019ensemble des rassemblements, actions et manifestations unitaires.<\/p>\n<p>De m\u00eame, l\u2019opinion publique dans les derniers sondages soutient toujours la mobilisation contre ce projet de loi, 70% disent m\u00eame qu\u2019ils sont contre l\u2019utilisation du 49.3 pour le faire adopter.<\/p>\n<p>Ce projet est minoritaire \u00e0 tout point de vue.<\/p>\n<p>Le Premier ministre a organis\u00e9 des rencontres bilat\u00e9rales le 29 juin. Les organisations signataires d\u00e9plorent qu\u2019il ait exclu de ces rendez-vous certaines organisations syndicales et de jeunesse, notamment celles engag\u00e9es dans la lutte contre le projet de loi travail.<\/p>\n<p>Pour autant, le gouvernement reste sourd aux propositions, particuli\u00e8rement destin\u00e9es \u00e0 \u00e9tablir de nouveaux droits et \u00e0 lutter contre le dumping social. Les amendements au projet de loi avanc\u00e9s par le gouvernement ne sont pas de nature \u00e0 modifier profond\u00e9ment ce texte, m\u00eame si certaines modifications sont \u00e0 mettre au cr\u00e9dit des mobilisations.<\/p>\n<p>Par ailleurs, ce projet de loi contrevient aux conventions internationales de l\u2019OIT et vient d\u2019\u00eatre sanctionn\u00e9 par le Comit\u00e9 des droits \u00e9conomiques et sociaux et culturels de l\u2019ONU au regard des effets sur la protection sociale des salari\u00e9s et la pr\u00e9carit\u00e9 qu\u2019il engendre.<\/p>\n<p><strong>Compte tenu de cette situation, les organisations signataires appellent \u00e0 poursuivre la mobilisation contre ce projet de loi, sur des formes \u00e0 d\u00e9terminer localement, durant le d\u00e9bat parlementaire, notamment le 5 juillet.<\/strong><\/p>\n<p>Les organisations syndicales et de jeunesse conviennent de se retrouver le 8 juillet afin de discuter des suites \u00e0 donner apr\u00e8s le d\u00e9bat parlementaire.<\/p>\n<p><i>Paris, le 30 juin 2016<\/i><\/p>\n<p><a href=\"http:\/\/solidaires87.org\/sudeduclimousin\/wp-content\/uploads\/sites\/4\/2016\/07\/communique_commun_du_30_juin_2016-1.pdf\" target=\"_blank\" rel=\"noopener noreferrer\">Communiqu\u00e9 intersyndical du 30 juin 2016 : version imprimable<\/a><\/p>\n<\/div>\n","protected":false},"excerpt":{"rendered":"<p>A Limoges, l\u2019intersyndicale r\u00e9unie le 29 juin lance un appel \u00e0 la gr\u00e8ve et \u00e0 manifestation le mardi 5 juillet. Rendez-vous \u00e0 10h30 boulevard de la cit\u00e9, devant le si\u00e8ge du Parti Socialiste. Pr\u00e9voir un v\u00e9lo et un maillot jaune&#8230;<br \/><a class=\"read-more-button\" href=\"https:\/\/solidaires87.org\/sudeduclimousin\/2016\/06\/30\/loi-travail-le-souffle-ne-nous-manque-pas\/\">Savoir plus<\/a><\/p>\n","protected":false},"author":18,"featured_media":0,"comment_status":"closed","ping_status":"open","sticky":false,"template":"","format":"standard","meta":{"footnotes":""},"categories":[9,5],"tags":[],"_links":{"self":[{"href":"https:\/\/solidaires87.org\/sudeduclimousin\/wp-json\/wp\/v2\/posts\/221"}],"collection":[{"href":"https:\/\/solidaires87.org\/sudeduclimousin\/wp-json\/wp\/v2\/posts"}],"about":[{"href":"https:\/\/solidaires87.org\/sudeduclimousin\/wp-json\/wp\/v2\/types\/post"}],"author":[{"embeddable":true,"href":"https:\/\/solidaires87.org\/sudeduclimousin\/wp-json\/wp\/v2\/users\/18"}],"replies":[{"embeddable":true,"href":"https:\/\/solidaires87.org\/sudeduclimousin\/wp-json\/wp\/v2\/comments?post=221"}],"version-history":[{"count":6,"href":"https:\/\/solidaires87.org\/sudeduclimousin\/wp-json\/wp\/v2\/posts\/221\/revisions"}],"predecessor-version":[{"id":2029,"href":"https:\/\/solidaires87.org\/sudeduclimousin\/wp-json\/wp\/v2\/posts\/221\/revisions\/2029"}],"wp:attachment":[{"href":"https:\/\/solidaires87.org\/sudeduclimousin\/wp-json\/wp\/v2\/media?parent=221"}],"wp:term":[{"taxonomy":"category","embeddable":true,"href":"https:\/\/solidaires87.org\/sudeduclimousin\/wp-json\/wp\/v2\/categories?post=221"},{"taxonomy":"post_tag","embeddable":true,"href":"https:\/\/solidaires87.org\/sudeduclimousin\/wp-json\/wp\/v2\/tags?post=221"}],"curies":[{"name":"wp","href":"https:\/\/api.w.org\/{rel}","templated":true}]}}