{"id":2209,"date":"2020-01-28T11:08:23","date_gmt":"2020-01-28T10:08:23","guid":{"rendered":"http:\/\/solidaires87.org\/sudeduclimousin\/?p=2209"},"modified":"2020-01-28T11:08:25","modified_gmt":"2020-01-28T10:08:25","slug":"garde-a-vue-abusive-du-journaliste-taha-bouhafs-taha-doit-etre-libere-il-en-va-de-la-liberte-de-la-presse","status":"publish","type":"post","link":"https:\/\/solidaires87.org\/sudeduclimousin\/2020\/01\/28\/garde-a-vue-abusive-du-journaliste-taha-bouhafs-taha-doit-etre-libere-il-en-va-de-la-liberte-de-la-presse\/","title":{"rendered":"GARDE \u00c0 VUE ABUSIVE DU JOURNALISTE TAHA BOUHAFS ; TAHA DOIT \u00caTRE LIB\u00c9R\u00c9, IL EN VA DE LA LIBERT\u00c9 DE LA PRESSE."},"content":{"rendered":"<a href=\"https:\/\/solidaires87.org\/sudeduclimousin\/wp-content\/uploads\/sites\/4\/2020\/01\/cp_02_17-janv-20_taha_2_.pdf\" class=\"pdfemb-viewer\" style=\"\" data-width=\"max\" data-height=\"max\"  data-toolbar=\"bottom\" data-toolbar-fixed=\"off\">cp_02_17-janv-20_taha_2_<br\/><\/a>\n<p class=\"wp-block-pdfemb-pdf-embedder-viewer\"><\/p>\n","protected":false},"excerpt":{"rendered":"","protected":false},"author":18,"featured_media":0,"comment_status":"closed","ping_status":"open","sticky":false,"template":"","format":"standard","meta":{"footnotes":""},"categories":[9,5,19],"tags":[],"_links":{"self":[{"href":"https:\/\/solidaires87.org\/sudeduclimousin\/wp-json\/wp\/v2\/posts\/2209"}],"collection":[{"href":"https:\/\/solidaires87.org\/sudeduclimousin\/wp-json\/wp\/v2\/posts"}],"about":[{"href":"https:\/\/solidaires87.org\/sudeduclimousin\/wp-json\/wp\/v2\/types\/post"}],"author":[{"embeddable":true,"href":"https:\/\/solidaires87.org\/sudeduclimousin\/wp-json\/wp\/v2\/users\/18"}],"replies":[{"embeddable":true,"href":"https:\/\/solidaires87.org\/sudeduclimousin\/wp-json\/wp\/v2\/comments?post=2209"}],"version-history":[{"count":1,"href":"https:\/\/solidaires87.org\/sudeduclimousin\/wp-json\/wp\/v2\/posts\/2209\/revisions"}],"predecessor-version":[{"id":2211,"href":"https:\/\/solidaires87.org\/sudeduclimousin\/wp-json\/wp\/v2\/posts\/2209\/revisions\/2211"}],"wp:attachment":[{"href":"https:\/\/solidaires87.org\/sudeduclimousin\/wp-json\/wp\/v2\/media?parent=2209"}],"wp:term":[{"taxonomy":"category","embeddable":true,"href":"https:\/\/solidaires87.org\/sudeduclimousin\/wp-json\/wp\/v2\/categories?post=2209"},{"taxonomy":"post_tag","embeddable":true,"href":"https:\/\/solidaires87.org\/sudeduclimousin\/wp-json\/wp\/v2\/tags?post=2209"}],"curies":[{"name":"wp","href":"https:\/\/api.w.org\/{rel}","templated":true}]}}