{"id":2169,"date":"2020-01-25T13:02:46","date_gmt":"2020-01-25T12:02:46","guid":{"rendered":"http:\/\/solidaires87.org\/sudeduclimousin\/?p=2169"},"modified":"2020-01-25T13:02:47","modified_gmt":"2020-01-25T12:02:47","slug":"compte-rendu-de-lentrevue-des-representant-e-s-de-sud-education-et-sud-recherche-epst-avec-frederique-vidal-le-15-janvier-2020","status":"publish","type":"post","link":"https:\/\/solidaires87.org\/sudeduclimousin\/2020\/01\/25\/compte-rendu-de-lentrevue-des-representant-e-s-de-sud-education-et-sud-recherche-epst-avec-frederique-vidal-le-15-janvier-2020\/","title":{"rendered":"Compte-rendu de l\u2019entrevue des repr\u00e9sentant-e-s de Sud \u00e9ducation et Sud Recherche EPST avec Fr\u00e9d\u00e9rique Vidal le 15 Janvier 2020"},"content":{"rendered":"<a href=\"https:\/\/solidaires87.org\/sudeduclimousin\/wp-content\/uploads\/sites\/4\/2020\/01\/20200115_CR_Entrevue_F_Vidal_SudEducRE_vf.pdf\" class=\"pdfemb-viewer\" style=\"\" data-width=\"max\" data-height=\"max\"  data-toolbar=\"bottom\" data-toolbar-fixed=\"off\">20200115_CR_Entrevue_F_Vidal_SudEducRE_vf<br\/><\/a>\n<p class=\"wp-block-pdfemb-pdf-embedder-viewer\"><\/p>\n","protected":false},"excerpt":{"rendered":"","protected":false},"author":18,"featured_media":0,"comment_status":"closed","ping_status":"open","sticky":false,"template":"","format":"standard","meta":{"footnotes":""},"categories":[9],"tags":[],"_links":{"self":[{"href":"https:\/\/solidaires87.org\/sudeduclimousin\/wp-json\/wp\/v2\/posts\/2169"}],"collection":[{"href":"https:\/\/solidaires87.org\/sudeduclimousin\/wp-json\/wp\/v2\/posts"}],"about":[{"href":"https:\/\/solidaires87.org\/sudeduclimousin\/wp-json\/wp\/v2\/types\/post"}],"author":[{"embeddable":true,"href":"https:\/\/solidaires87.org\/sudeduclimousin\/wp-json\/wp\/v2\/users\/18"}],"replies":[{"embeddable":true,"href":"https:\/\/solidaires87.org\/sudeduclimousin\/wp-json\/wp\/v2\/comments?post=2169"}],"version-history":[{"count":1,"href":"https:\/\/solidaires87.org\/sudeduclimousin\/wp-json\/wp\/v2\/posts\/2169\/revisions"}],"predecessor-version":[{"id":2171,"href":"https:\/\/solidaires87.org\/sudeduclimousin\/wp-json\/wp\/v2\/posts\/2169\/revisions\/2171"}],"wp:attachment":[{"href":"https:\/\/solidaires87.org\/sudeduclimousin\/wp-json\/wp\/v2\/media?parent=2169"}],"wp:term":[{"taxonomy":"category","embeddable":true,"href":"https:\/\/solidaires87.org\/sudeduclimousin\/wp-json\/wp\/v2\/categories?post=2169"},{"taxonomy":"post_tag","embeddable":true,"href":"https:\/\/solidaires87.org\/sudeduclimousin\/wp-json\/wp\/v2\/tags?post=2169"}],"curies":[{"name":"wp","href":"https:\/\/api.w.org\/{rel}","templated":true}]}}