{"id":2100,"date":"2020-01-15T11:49:31","date_gmt":"2020-01-15T10:49:31","guid":{"rendered":"http:\/\/solidaires87.org\/sudeduclimousin\/?p=2100"},"modified":"2020-04-02T17:45:12","modified_gmt":"2020-04-02T16:45:12","slug":"prochaines-mobilisations-en-creuse","status":"publish","type":"post","link":"https:\/\/solidaires87.org\/sudeduclimousin\/2020\/01\/15\/prochaines-mobilisations-en-creuse\/","title":{"rendered":"Prochaines mobilisations en Creuse"},"content":{"rendered":"\n<p><\/p>\n\n\n\n<p>&#8211; <strong>Mardi 3 mars :<\/strong> Gu\u00e9ret \u00e0 17h30, rassemblement devant la pr\u00e9fecture<\/p>\n\n\n\n<p>&#8211;<strong>8 Mars<\/strong>: Gu\u00e9ret, rendez-vous \u00e0 9h30 square Jorrand<\/p>\n\n\n\n<p><\/p>\n\n\n\n<p><\/p>\n","protected":false},"excerpt":{"rendered":"<p>&#8211; Mardi 3 mars : Gu\u00e9ret \u00e0 17h30, rassemblement devant la pr\u00e9fecture &#8211;8 Mars: Gu\u00e9ret, rendez-vous \u00e0 9h30 square Jorrand<\/p>\n","protected":false},"author":18,"featured_media":0,"comment_status":"closed","ping_status":"open","sticky":false,"template":"","format":"standard","meta":{"footnotes":""},"categories":[3,5],"tags":[],"_links":{"self":[{"href":"https:\/\/solidaires87.org\/sudeduclimousin\/wp-json\/wp\/v2\/posts\/2100"}],"collection":[{"href":"https:\/\/solidaires87.org\/sudeduclimousin\/wp-json\/wp\/v2\/posts"}],"about":[{"href":"https:\/\/solidaires87.org\/sudeduclimousin\/wp-json\/wp\/v2\/types\/post"}],"author":[{"embeddable":true,"href":"https:\/\/solidaires87.org\/sudeduclimousin\/wp-json\/wp\/v2\/users\/18"}],"replies":[{"embeddable":true,"href":"https:\/\/solidaires87.org\/sudeduclimousin\/wp-json\/wp\/v2\/comments?post=2100"}],"version-history":[{"count":9,"href":"https:\/\/solidaires87.org\/sudeduclimousin\/wp-json\/wp\/v2\/posts\/2100\/revisions"}],"predecessor-version":[{"id":2442,"href":"https:\/\/solidaires87.org\/sudeduclimousin\/wp-json\/wp\/v2\/posts\/2100\/revisions\/2442"}],"wp:attachment":[{"href":"https:\/\/solidaires87.org\/sudeduclimousin\/wp-json\/wp\/v2\/media?parent=2100"}],"wp:term":[{"taxonomy":"category","embeddable":true,"href":"https:\/\/solidaires87.org\/sudeduclimousin\/wp-json\/wp\/v2\/categories?post=2100"},{"taxonomy":"post_tag","embeddable":true,"href":"https:\/\/solidaires87.org\/sudeduclimousin\/wp-json\/wp\/v2\/tags?post=2100"}],"curies":[{"name":"wp","href":"https:\/\/api.w.org\/{rel}","templated":true}]}}