{"id":2095,"date":"2020-01-15T11:37:13","date_gmt":"2020-01-15T10:37:13","guid":{"rendered":"http:\/\/solidaires87.org\/sudeduclimousin\/?p=2095"},"modified":"2020-04-02T17:45:25","modified_gmt":"2020-04-02T16:45:25","slug":"prochaines-mobilisations-a-limoges","status":"publish","type":"post","link":"https:\/\/solidaires87.org\/sudeduclimousin\/2020\/01\/15\/prochaines-mobilisations-a-limoges\/","title":{"rendered":"Prochaines mobilisations \u00e0 Limoges"},"content":{"rendered":"\n<p><\/p>\n\n\n\n<p><strong>Marche pour le climat<\/strong><\/p>\n\n\n\n<p><strong>Samedi 14 mars \u00e0 Limoges<\/strong>: DEPART A 11H PLACE JOURDAN ! <br>A partir de 10h, Place Jourdan, un atelier, avec feutres et supports , est \u00e0 votre disposition pour r\u00e9aliser vos pancartes. <br>Habillez vous en bleu, un clin d&rsquo;oeil \u00e0 cette belle plan\u00e8te bleue que nous voulons pr\u00e9server.<br>A l&rsquo;arriv\u00e9e devant la mairie, d\u00e9gustons ensemble une bonne soupe de l\u00e9gumes frais! Apportez vos gobelets.<\/p>\n\n\n\n<p><\/p>\n\n\n\n<p><strong>Dimanche 8 mars<\/strong>: Rassemblement pour les droits des femmes \u00e0 15h40 devant la pr\u00e9fecture <\/p>\n\n\n\n<p><\/p>\n","protected":false},"excerpt":{"rendered":"<p>Marche pour le climat Samedi 14 mars \u00e0 Limoges: DEPART A 11H PLACE JOURDAN ! A partir de 10h, Place Jourdan, un atelier, avec feutres et supports , est \u00e0 votre disposition pour r\u00e9aliser vos pancartes. Habillez vous en bleu,&#8230;<br \/><a class=\"read-more-button\" href=\"https:\/\/solidaires87.org\/sudeduclimousin\/2020\/01\/15\/prochaines-mobilisations-a-limoges\/\">Savoir plus<\/a><\/p>\n","protected":false},"author":18,"featured_media":0,"comment_status":"closed","ping_status":"open","sticky":false,"template":"","format":"standard","meta":{"footnotes":""},"categories":[3,5],"tags":[],"_links":{"self":[{"href":"https:\/\/solidaires87.org\/sudeduclimousin\/wp-json\/wp\/v2\/posts\/2095"}],"collection":[{"href":"https:\/\/solidaires87.org\/sudeduclimousin\/wp-json\/wp\/v2\/posts"}],"about":[{"href":"https:\/\/solidaires87.org\/sudeduclimousin\/wp-json\/wp\/v2\/types\/post"}],"author":[{"embeddable":true,"href":"https:\/\/solidaires87.org\/sudeduclimousin\/wp-json\/wp\/v2\/users\/18"}],"replies":[{"embeddable":true,"href":"https:\/\/solidaires87.org\/sudeduclimousin\/wp-json\/wp\/v2\/comments?post=2095"}],"version-history":[{"count":17,"href":"https:\/\/solidaires87.org\/sudeduclimousin\/wp-json\/wp\/v2\/posts\/2095\/revisions"}],"predecessor-version":[{"id":2484,"href":"https:\/\/solidaires87.org\/sudeduclimousin\/wp-json\/wp\/v2\/posts\/2095\/revisions\/2484"}],"wp:attachment":[{"href":"https:\/\/solidaires87.org\/sudeduclimousin\/wp-json\/wp\/v2\/media?parent=2095"}],"wp:term":[{"taxonomy":"category","embeddable":true,"href":"https:\/\/solidaires87.org\/sudeduclimousin\/wp-json\/wp\/v2\/categories?post=2095"},{"taxonomy":"post_tag","embeddable":true,"href":"https:\/\/solidaires87.org\/sudeduclimousin\/wp-json\/wp\/v2\/tags?post=2095"}],"curies":[{"name":"wp","href":"https:\/\/api.w.org\/{rel}","templated":true}]}}