{"id":2093,"date":"2020-01-11T18:53:58","date_gmt":"2020-01-11T17:53:58","guid":{"rendered":"http:\/\/solidaires87.org\/sudeduclimousin\/?p=2093"},"modified":"2020-04-02T17:45:36","modified_gmt":"2020-04-02T16:45:36","slug":"prochaines-mobilisations-en-correze","status":"publish","type":"post","link":"https:\/\/solidaires87.org\/sudeduclimousin\/2020\/01\/11\/prochaines-mobilisations-en-correze\/","title":{"rendered":"Prochaines mobilisations en Corr\u00e8ze"},"content":{"rendered":"\n<p><\/p>\n\n\n\n<p>&#8211;<strong>Jeudi 12 mars\u00a0\u00e0 Brive<\/strong>\u00a0: manifestation \u00e0 14h, place de la Guierle<\/p>\n\n\n\n<p>&#8211;<strong>Jeudi 12 mars \u00e0 Ussel<\/strong>: grand casse-cro\u00fbte revendicatif \u00e0 12h20 place voltaire, puis op\u00e9ration escargot jusqu&rsquo;\u00e0 Tulle o\u00f9 convergeront toutes et tous les manifestant-es de corr\u00e8ze<\/p>\n\n\n\n<p>&#8211;<strong>Jeudi 12 mars \u00e0 Tulle<\/strong>\u00a0: manifestation \u00e0 17h30, cit\u00e9 administrative. Appel aux femmes de venir habill\u00e9es en  rosie (bleu de travail, n\u0153uds rouge ou bandana rouge dans les cheveux, gants jaune)<\/p>\n\n\n\n<p>&#8211;<strong>Vendredi 20 mars&nbsp;: <\/strong>conf\u00e9rence de presse \u00e0 10h \u00e0 l\u2019UD CGT de Tulle<\/p>\n\n\n\n<p>&#8211;<strong>Mardi 24\/03 \u00e0 Brive <\/strong>(18h00), contre-conf\u00e9rence de financement des retraites ouverte au public. <strong><br>-Jeudi 26\/03 \u00e0 Tulle <\/strong>(18h00), contre-conf\u00e9rence de financement des retraites ouverte au public.  <\/p>\n\n\n\n<p>&#8211;<strong>Mardi 31\/03, <\/strong>manif \u00e0 Brive (14h00, place de la guierle) avec passage devant la permanence lrem. <br> Pour les tullistes, rendez-vous 11h30 au Leclerc pour une op\u00e9ration escargot.  <\/p>\n\n\n\n<p><\/p>\n\n\n\n<p> <\/p>\n\n\n\n<p><\/p>\n","protected":false},"excerpt":{"rendered":"<p>&#8211;Jeudi 12 mars\u00a0\u00e0 Brive\u00a0: manifestation \u00e0 14h, place de la Guierle &#8211;Jeudi 12 mars \u00e0 Ussel: grand casse-cro\u00fbte revendicatif \u00e0 12h20 place voltaire, puis op\u00e9ration escargot jusqu&rsquo;\u00e0 Tulle o\u00f9 convergeront toutes et tous les manifestant-es de corr\u00e8ze &#8211;Jeudi 12 mars&#8230;<br \/><a class=\"read-more-button\" href=\"https:\/\/solidaires87.org\/sudeduclimousin\/2020\/01\/11\/prochaines-mobilisations-en-correze\/\">Savoir plus<\/a><\/p>\n","protected":false},"author":18,"featured_media":0,"comment_status":"closed","ping_status":"open","sticky":false,"template":"","format":"standard","meta":{"footnotes":""},"categories":[3,5],"tags":[],"_links":{"self":[{"href":"https:\/\/solidaires87.org\/sudeduclimousin\/wp-json\/wp\/v2\/posts\/2093"}],"collection":[{"href":"https:\/\/solidaires87.org\/sudeduclimousin\/wp-json\/wp\/v2\/posts"}],"about":[{"href":"https:\/\/solidaires87.org\/sudeduclimousin\/wp-json\/wp\/v2\/types\/post"}],"author":[{"embeddable":true,"href":"https:\/\/solidaires87.org\/sudeduclimousin\/wp-json\/wp\/v2\/users\/18"}],"replies":[{"embeddable":true,"href":"https:\/\/solidaires87.org\/sudeduclimousin\/wp-json\/wp\/v2\/comments?post=2093"}],"version-history":[{"count":17,"href":"https:\/\/solidaires87.org\/sudeduclimousin\/wp-json\/wp\/v2\/posts\/2093\/revisions"}],"predecessor-version":[{"id":2485,"href":"https:\/\/solidaires87.org\/sudeduclimousin\/wp-json\/wp\/v2\/posts\/2093\/revisions\/2485"}],"wp:attachment":[{"href":"https:\/\/solidaires87.org\/sudeduclimousin\/wp-json\/wp\/v2\/media?parent=2093"}],"wp:term":[{"taxonomy":"category","embeddable":true,"href":"https:\/\/solidaires87.org\/sudeduclimousin\/wp-json\/wp\/v2\/categories?post=2093"},{"taxonomy":"post_tag","embeddable":true,"href":"https:\/\/solidaires87.org\/sudeduclimousin\/wp-json\/wp\/v2\/tags?post=2093"}],"curies":[{"name":"wp","href":"https:\/\/api.w.org\/{rel}","templated":true}]}}