{"id":208,"date":"2016-06-28T14:49:39","date_gmt":"2016-06-28T13:49:39","guid":{"rendered":"http:\/\/solidaires87.org\/sudeduclimousin\/?p=208"},"modified":"2019-12-29T10:25:27","modified_gmt":"2019-12-29T09:25:27","slug":"questions-de-classes","status":"publish","type":"post","link":"https:\/\/solidaires87.org\/sudeduclimousin\/2016\/06\/28\/questions-de-classes\/","title":{"rendered":"Questions de classes"},"content":{"rendered":"<p><strong>Lire, \u00e9crire&#8230; lutter<\/strong><\/p>\n<p>Acteurs de l\u2019\u00e9ducation\u00a0: parents, travailleurs, chercheurs, issus de diff\u00e9rents horizons associatifs, p\u00e9dagogiques, syndicaux, etc., nous pensons que la question scolaire est une question politique.<\/p>\n<p>Notre pari est de proposer un espace alternatif et sans esprit de concurrence au service de tous ceux et celles qui luttent pour changer la soci\u00e9t\u00e9 et son \u00e9cole. <br class=\"autobr\" \/>\u00ab\u00a0Questions de classe(s)\u00a0\u00bb, c\u2019est d\u2019abord un site o\u00f9 chacun peut informer, d\u00e9battre, populariser ses luttes, mutualiser ses pratiques et ses r\u00e9flexions. <br class=\"autobr\" \/>\u00ab\u00a0Questions de classe(s)\u00a0\u00bb, c\u2019est aussi l\u2019expression d\u2019une d\u00e9marche collective de mise en commun des points de vue sur l\u2019institution scolaire et plus largement l\u2019\u00e9ducation, au travers de contributions collectives ou individuelles.<\/p>\n<p>Groupes, associations, syndicats, mouvements p\u00e9dagogiques, collectifs de luttes ou individus ont besoin de lieux de convergence et de d\u00e9bat. Partant de ce constat, \u00ab\u00a0Questions de classe(s)\u00a0\u00bb se veut un site internet coop\u00e9ratif autour des luttes sociales et des pratiques p\u00e9dagogiques visant l\u2019\u00e9mancipation.<\/p>\n<p>Nous pensons qu\u2019il y a un lien intime et n\u00e9cessaire entre p\u00e9dagogie et lutte sociale et que les r\u00e9flexions, les luttes et les p\u00e9dagogies s\u2019\u00e9crivent, se partagent.<\/p>\n<p><img decoding=\"async\" src=\"https:\/\/mail.google.com\/mail\/u\/0\/?ui=2&amp;ik=dce37dd025&amp;view=fimg&amp;th=1559084d3642fde7&amp;attid=0.1.2&amp;disp=emb&amp;attbid=ANGjdJ8Q6isCMwHWbRSgRlWi2DtBfNdotGOPurC3ggQ5-EpmpDTEWo_bGuqb9E-rXp3h14vAF_miIbSlJXlAvLiga_qsSPkzH7kDSfHe9DNnNI0ZSP8Vh-uGDkh-n8c&amp;sz=s0-l75-ft&amp;ats=1467290101708&amp;rm=1559084d3642fde7&amp;zw&amp;atsh=1\" alt=\"\" \/><\/p>\n<p><a href=\"http:\/\/www.questionsdeclasses.org\/\" target=\"_blank\" rel=\"noopener noreferrer\">Questions de classes : lien vers le site internet<\/a><\/p>\n","protected":false},"excerpt":{"rendered":"<p>Lire, \u00e9crire&#8230; lutter Acteurs de l\u2019\u00e9ducation\u00a0: parents, travailleurs, chercheurs, issus de diff\u00e9rents horizons associatifs, p\u00e9dagogiques, syndicaux, etc., nous pensons que la question scolaire est une question politique. Notre pari est de proposer un espace alternatif et sans esprit de concurrence&#8230;<br \/><a class=\"read-more-button\" href=\"https:\/\/solidaires87.org\/sudeduclimousin\/2016\/06\/28\/questions-de-classes\/\">Savoir plus<\/a><\/p>\n","protected":false},"author":18,"featured_media":0,"comment_status":"closed","ping_status":"open","sticky":false,"template":"","format":"standard","meta":{"footnotes":""},"categories":[10],"tags":[],"_links":{"self":[{"href":"https:\/\/solidaires87.org\/sudeduclimousin\/wp-json\/wp\/v2\/posts\/208"}],"collection":[{"href":"https:\/\/solidaires87.org\/sudeduclimousin\/wp-json\/wp\/v2\/posts"}],"about":[{"href":"https:\/\/solidaires87.org\/sudeduclimousin\/wp-json\/wp\/v2\/types\/post"}],"author":[{"embeddable":true,"href":"https:\/\/solidaires87.org\/sudeduclimousin\/wp-json\/wp\/v2\/users\/18"}],"replies":[{"embeddable":true,"href":"https:\/\/solidaires87.org\/sudeduclimousin\/wp-json\/wp\/v2\/comments?post=208"}],"version-history":[{"count":2,"href":"https:\/\/solidaires87.org\/sudeduclimousin\/wp-json\/wp\/v2\/posts\/208\/revisions"}],"predecessor-version":[{"id":2026,"href":"https:\/\/solidaires87.org\/sudeduclimousin\/wp-json\/wp\/v2\/posts\/208\/revisions\/2026"}],"wp:attachment":[{"href":"https:\/\/solidaires87.org\/sudeduclimousin\/wp-json\/wp\/v2\/media?parent=208"}],"wp:term":[{"taxonomy":"category","embeddable":true,"href":"https:\/\/solidaires87.org\/sudeduclimousin\/wp-json\/wp\/v2\/categories?post=208"},{"taxonomy":"post_tag","embeddable":true,"href":"https:\/\/solidaires87.org\/sudeduclimousin\/wp-json\/wp\/v2\/tags?post=208"}],"curies":[{"name":"wp","href":"https:\/\/api.w.org\/{rel}","templated":true}]}}