{"id":176,"date":"2016-06-29T13:27:46","date_gmt":"2016-06-29T12:27:46","guid":{"rendered":"http:\/\/solidaires87.org\/sudeduclimousin\/?p=176"},"modified":"2019-12-29T10:24:59","modified_gmt":"2019-12-29T09:24:59","slug":"precarite-la-federation-sud-education-soutient-les-aed-en-lutte-dans-plusieurs-academies","status":"publish","type":"post","link":"https:\/\/solidaires87.org\/sudeduclimousin\/2016\/06\/29\/precarite-la-federation-sud-education-soutient-les-aed-en-lutte-dans-plusieurs-academies\/","title":{"rendered":"Pr\u00e9carit\u00e9 : la f\u00e9d\u00e9ration SUD \u00e9ducation soutient les AED en lutte dans plusieurs acad\u00e9mies !"},"content":{"rendered":"<div class=\"soustitre\"><i><b>Communiqu\u00e9 de la f\u00e9d\u00e9ration SUD \u00e9ducation du 03 juin 2016<\/b><\/i><\/div>\n<p>&nbsp;<\/p>\n<div class=\"detail\">Publi\u00e9\u00a0le\u00a0lundi\u00a013 juin 2016 sur <a href=\"http:\/\/www.sudeducation.org\/Precarite-la-federation-SUD.html\">http:\/\/www.sudeducation.org\/Precarite-la-federation-SUD.html<\/a><\/div>\n<div class=\"texte\">\n<p>Depuis la mi-mai, des Assistant-e-s d\u2019Education AED de diff\u00e9rentes acad\u00e9mies construisent une mobilisation pour d\u00e9noncer la pr\u00e9carit\u00e9 qu\u2019ils subissent et conqu\u00e9rir de nouveaux droits. A Marseille, des AED \u00e9taient en gr\u00e8ve le 24 mai et le 7 juin. Ils ont \u00e9t\u00e9 re\u00e7u-e-s \u00e0 la DSDEN le 30 mai et le 7 juin suite \u00e0 leur mobilisation. Alors qu\u2019ils n\u2019ont rien obtenu le 30 mai\u00a0; le 7 juin, ils ont obtenu des contrats de 3 ans pour la rentr\u00e9e 2016. En Seine-Saint-Denis, \u00e0 Aulnay et Sevran, des AED ont fait gr\u00e8ve le les mardi 17, jeudi 19 et vendredi 20 mai et un rassemblement a eu lieu samedi 28 mai.<\/p>\n<p>Devant l\u2019absence de r\u00e9ponse de la hi\u00e9rarchie, une journ\u00e9e de gr\u00e8ve commune aux deux acad\u00e9mies a eu lieu le mardi 7 juin, avec des rassemblements devant les DSDEN concern\u00e9es. Cette journ\u00e9e a mobilis\u00e9 des personnels en Seine-Saint-Denis et \u00e0 Marseille, mais aussi dans d\u2019autres d\u00e9partements comme le Gard, avec un rassemblement \u00e0 N\u00eemes. Dans les d\u00e9partements en question, plusieurs dizaines d\u2019AED se sont mobilis\u00e9-e-s \u00e0 chaque fois.<\/p>\n<p>Les AED mobilis\u00e9-e-s revendiquent notamment\u00a0:<\/p>\n<p><img loading=\"lazy\" decoding=\"async\" class=\"puce\" src=\"http:\/\/www.sudeducation.org\/squelettes-dist\/puce.gif\" alt=\"-\" width=\"8\" height=\"11\" \/>\u00a0l\u2019indemnit\u00e9 REP ou REP+,<\/p>\n<p><img loading=\"lazy\" decoding=\"async\" class=\"puce\" src=\"http:\/\/www.sudeducation.org\/squelettes-dist\/puce.gif\" alt=\"-\" width=\"8\" height=\"11\" \/>\u00a0la fin des contrats pr\u00e9caires, par la CDIsation ou la titularisation,<\/p>\n<p><img loading=\"lazy\" decoding=\"async\" class=\"puce\" src=\"http:\/\/www.sudeducation.org\/squelettes-dist\/puce.gif\" alt=\"-\" width=\"8\" height=\"11\" \/>\u00a0le respect des droits des personnels dans les \u00e9tablissements, \u00e0 commencer par le respect des temps de pause<\/p>\n<p>Avec des diff\u00e9rences entre les acad\u00e9mies, les AED mobilis\u00e9-e-s portent des revendications imm\u00e9diates comme l\u2019acc\u00e8s \u00e0 la prime REP ou REP +, le respect du temps de pause, le droit \u00e0 la formation, la g\u00e9n\u00e9ralisation des contrats de 3 ans, mais aussi la titularisation des AED dans le cadre de m\u00e9tiers statutaires.<\/p>\n<p>Les AED mobilis\u00e9-e-s se sont organis\u00e9-e-s pour formuler leurs revendications et leurs moyens d\u2019action, soutenu-e-s dans leur d\u00e9marche notamment par les syndicats SUD \u00e9ducation locaux. La f\u00e9d\u00e9ration SUD \u00e9ducation appelle \u00e0 la g\u00e9n\u00e9ralisation des mobilisations de ce type.<\/p>\n<p><i>La f\u00e9d\u00e9ration SUD \u00e9ducation appelle l\u2019ensemble des personnels de l\u2019Education nationale, titulaires et pr\u00e9caires ensemble \u00e0 se mobiliser contre la pr\u00e9carit\u00e9 et \u00e0 soutenir les luttes des personnels pr\u00e9caires. En effet, lutter contre la pr\u00e9carit\u00e9, c\u2019est d\u00e9fendre les droits de tous les personnels, dans un contexte o\u00f9 le d\u00e9veloppement de la pr\u00e9carit\u00e9 menace les droits de toutes et tous, y compris les garanties statutaires des titulaires.<\/i><\/p>\n<p><i><\/i><i>Pour la f\u00e9d\u00e9ration SUD \u00e9ducation, les revendications exprim\u00e9es par les personnels en lutte sont parfaitement l\u00e9gitimes. L\u2019\u00e9galit\u00e9 des droits r\u00e9elle entre titulaires et non-titulaires ne sera compl\u00e8te que lorsqu\u2019\u00e0 chaque mission de service public correspondra un poste de titulaire de la fonction publique. Et pour cela, la seule solution s\u00e9rieuse est la titularisation sans condition de toutes et tous les pr\u00e9caires<\/i>.<\/p>\n<p><strong>D\u2019autres dates de mobilisations sont d\u2019ores et d\u00e9j\u00e0 pr\u00e9vues\u00a0: mobilisation \u00e0 Marseille le mercredi 15 juin apr\u00e8s-midi, journ\u00e9e de gr\u00e8ve le jeudi 16 juin en Seine-Saint-Denis avec un rassemblement \u00e0 10 heures devant le Minist\u00e8re.<\/strong><\/p>\n<p><img decoding=\"async\" src=\"http:\/\/www.sudeducation.org\/local\/cache-vignettes\/L107xH147\/arton6552-be9ba.png\" alt=\"\" \/><\/p>\n<p><a href=\"http:\/\/solidaires87.org\/sudeduclimousin\/wp-content\/uploads\/sites\/4\/2016\/06\/Pr\u00e9carit\u00e9-soutien-des-AED.pdf\" rel=\"\">Pr\u00e9carit\u00e9 soutien des AED : version imprimable<\/a><\/p>\n<\/div>\n","protected":false},"excerpt":{"rendered":"<p>Communiqu\u00e9 de la f\u00e9d\u00e9ration SUD \u00e9ducation du 03 juin 2016 &nbsp; Publi\u00e9\u00a0le\u00a0lundi\u00a013 juin 2016 sur http:\/\/www.sudeducation.org\/Precarite-la-federation-SUD.html Depuis la mi-mai, des Assistant-e-s d\u2019Education AED de diff\u00e9rentes acad\u00e9mies construisent une mobilisation pour d\u00e9noncer la pr\u00e9carit\u00e9 qu\u2019ils subissent et conqu\u00e9rir de nouveaux droits&#8230;.<br \/><a class=\"read-more-button\" href=\"https:\/\/solidaires87.org\/sudeduclimousin\/2016\/06\/29\/precarite-la-federation-sud-education-soutient-les-aed-en-lutte-dans-plusieurs-academies\/\">Savoir plus<\/a><\/p>\n","protected":false},"author":18,"featured_media":0,"comment_status":"closed","ping_status":"open","sticky":false,"template":"","format":"standard","meta":{"footnotes":""},"categories":[9,5],"tags":[],"_links":{"self":[{"href":"https:\/\/solidaires87.org\/sudeduclimousin\/wp-json\/wp\/v2\/posts\/176"}],"collection":[{"href":"https:\/\/solidaires87.org\/sudeduclimousin\/wp-json\/wp\/v2\/posts"}],"about":[{"href":"https:\/\/solidaires87.org\/sudeduclimousin\/wp-json\/wp\/v2\/types\/post"}],"author":[{"embeddable":true,"href":"https:\/\/solidaires87.org\/sudeduclimousin\/wp-json\/wp\/v2\/users\/18"}],"replies":[{"embeddable":true,"href":"https:\/\/solidaires87.org\/sudeduclimousin\/wp-json\/wp\/v2\/comments?post=176"}],"version-history":[{"count":3,"href":"https:\/\/solidaires87.org\/sudeduclimousin\/wp-json\/wp\/v2\/posts\/176\/revisions"}],"predecessor-version":[{"id":193,"href":"https:\/\/solidaires87.org\/sudeduclimousin\/wp-json\/wp\/v2\/posts\/176\/revisions\/193"}],"wp:attachment":[{"href":"https:\/\/solidaires87.org\/sudeduclimousin\/wp-json\/wp\/v2\/media?parent=176"}],"wp:term":[{"taxonomy":"category","embeddable":true,"href":"https:\/\/solidaires87.org\/sudeduclimousin\/wp-json\/wp\/v2\/categories?post=176"},{"taxonomy":"post_tag","embeddable":true,"href":"https:\/\/solidaires87.org\/sudeduclimousin\/wp-json\/wp\/v2\/tags?post=176"}],"curies":[{"name":"wp","href":"https:\/\/api.w.org\/{rel}","templated":true}]}}