{"id":1696,"date":"2019-10-28T13:33:37","date_gmt":"2019-10-28T12:33:37","guid":{"rendered":"http:\/\/solidaires87.org\/sudeduclimousin\/?p=1696"},"modified":"2019-10-28T13:33:38","modified_gmt":"2019-10-28T12:33:38","slug":"pour-stopper-le-projet-macron-delevoye-sur-les-retraites-mobilisons-nous-a-partir-du-5-decembre-pour-defendre-nos-regimes-de-retraite-la-solidarite-entre-les-generations-et-pour-obtenir-de-nouveaux","status":"publish","type":"post","link":"https:\/\/solidaires87.org\/sudeduclimousin\/2019\/10\/28\/pour-stopper-le-projet-macron-delevoye-sur-les-retraites-mobilisons-nous-a-partir-du-5-decembre-pour-defendre-nos-regimes-de-retraite-la-solidarite-entre-les-generations-et-pour-obtenir-de-nouveaux\/","title":{"rendered":"Pour stopper le projet Macron-Delevoye sur les retraites : mobilisons-nous \u00e0 partir du 5 d\u00e9cembre pour d\u00e9fendre nos r\u00e9gimes de retraite, la solidarit\u00e9 entre les g\u00e9n\u00e9rations et pour obtenir de nouveaux droits !"},"content":{"rendered":"<a href=\"https:\/\/solidaires87.org\/sudeduclimousin\/wp-content\/uploads\/sites\/4\/2019\/10\/Tract-retraite-intersyndicale-oct-2019_vf.pdf\" class=\"pdfemb-viewer\" style=\"\" data-width=\"max\" data-height=\"max\"  data-toolbar=\"bottom\" data-toolbar-fixed=\"off\">Tract-retraite-intersyndicale-oct-2019_vf<br\/><\/a>\n<p class=\"wp-block-pdfemb-pdf-embedder-viewer\"><\/p>\n","protected":false},"excerpt":{"rendered":"","protected":false},"author":18,"featured_media":0,"comment_status":"closed","ping_status":"open","sticky":false,"template":"","format":"standard","meta":{"footnotes":""},"categories":[9,5],"tags":[],"_links":{"self":[{"href":"https:\/\/solidaires87.org\/sudeduclimousin\/wp-json\/wp\/v2\/posts\/1696"}],"collection":[{"href":"https:\/\/solidaires87.org\/sudeduclimousin\/wp-json\/wp\/v2\/posts"}],"about":[{"href":"https:\/\/solidaires87.org\/sudeduclimousin\/wp-json\/wp\/v2\/types\/post"}],"author":[{"embeddable":true,"href":"https:\/\/solidaires87.org\/sudeduclimousin\/wp-json\/wp\/v2\/users\/18"}],"replies":[{"embeddable":true,"href":"https:\/\/solidaires87.org\/sudeduclimousin\/wp-json\/wp\/v2\/comments?post=1696"}],"version-history":[{"count":1,"href":"https:\/\/solidaires87.org\/sudeduclimousin\/wp-json\/wp\/v2\/posts\/1696\/revisions"}],"predecessor-version":[{"id":1697,"href":"https:\/\/solidaires87.org\/sudeduclimousin\/wp-json\/wp\/v2\/posts\/1696\/revisions\/1697"}],"wp:attachment":[{"href":"https:\/\/solidaires87.org\/sudeduclimousin\/wp-json\/wp\/v2\/media?parent=1696"}],"wp:term":[{"taxonomy":"category","embeddable":true,"href":"https:\/\/solidaires87.org\/sudeduclimousin\/wp-json\/wp\/v2\/categories?post=1696"},{"taxonomy":"post_tag","embeddable":true,"href":"https:\/\/solidaires87.org\/sudeduclimousin\/wp-json\/wp\/v2\/tags?post=1696"}],"curies":[{"name":"wp","href":"https:\/\/api.w.org\/{rel}","templated":true}]}}