{"id":1693,"date":"2019-10-28T13:31:46","date_gmt":"2019-10-28T12:31:46","guid":{"rendered":"http:\/\/solidaires87.org\/sudeduclimousin\/?p=1693"},"modified":"2019-10-28T13:31:48","modified_gmt":"2019-10-28T12:31:48","slug":"rencontre-avec-delevoye-sud-education-denonce-les-manoeuvres-denfumage-du-gouvernement-sur-les-retraites","status":"publish","type":"post","link":"https:\/\/solidaires87.org\/sudeduclimousin\/2019\/10\/28\/rencontre-avec-delevoye-sud-education-denonce-les-manoeuvres-denfumage-du-gouvernement-sur-les-retraites\/","title":{"rendered":"Rencontre avec Delevoye : SUD \u00e9ducation d\u00e9nonce les man\u0153uvres d&rsquo;enfumage du gouvernement sur les retraites"},"content":{"rendered":"<a href=\"https:\/\/solidaires87.org\/sudeduclimousin\/wp-content\/uploads\/sites\/4\/2019\/10\/Rencontre-avec-Delevoye-SUD-\u00e9ducation-d\u00e9nonce-les-man\u0153uvres-denfumage-du-gouvernement-sur-les-retraites.pdf\" class=\"pdfemb-viewer\" style=\"\" data-width=\"max\" data-height=\"max\"  data-toolbar=\"bottom\" data-toolbar-fixed=\"off\">Rencontre-avec-Delevoye-SUD-\u00e9ducation-d\u00e9nonce-les-man\u0153uvres-denfumage-du-gouvernement-sur-les-retraites<br\/><\/a>\n<p class=\"wp-block-pdfemb-pdf-embedder-viewer\"><\/p>\n","protected":false},"excerpt":{"rendered":"","protected":false},"author":18,"featured_media":0,"comment_status":"closed","ping_status":"open","sticky":false,"template":"","format":"standard","meta":{"footnotes":""},"categories":[9,5],"tags":[],"_links":{"self":[{"href":"https:\/\/solidaires87.org\/sudeduclimousin\/wp-json\/wp\/v2\/posts\/1693"}],"collection":[{"href":"https:\/\/solidaires87.org\/sudeduclimousin\/wp-json\/wp\/v2\/posts"}],"about":[{"href":"https:\/\/solidaires87.org\/sudeduclimousin\/wp-json\/wp\/v2\/types\/post"}],"author":[{"embeddable":true,"href":"https:\/\/solidaires87.org\/sudeduclimousin\/wp-json\/wp\/v2\/users\/18"}],"replies":[{"embeddable":true,"href":"https:\/\/solidaires87.org\/sudeduclimousin\/wp-json\/wp\/v2\/comments?post=1693"}],"version-history":[{"count":1,"href":"https:\/\/solidaires87.org\/sudeduclimousin\/wp-json\/wp\/v2\/posts\/1693\/revisions"}],"predecessor-version":[{"id":1695,"href":"https:\/\/solidaires87.org\/sudeduclimousin\/wp-json\/wp\/v2\/posts\/1693\/revisions\/1695"}],"wp:attachment":[{"href":"https:\/\/solidaires87.org\/sudeduclimousin\/wp-json\/wp\/v2\/media?parent=1693"}],"wp:term":[{"taxonomy":"category","embeddable":true,"href":"https:\/\/solidaires87.org\/sudeduclimousin\/wp-json\/wp\/v2\/categories?post=1693"},{"taxonomy":"post_tag","embeddable":true,"href":"https:\/\/solidaires87.org\/sudeduclimousin\/wp-json\/wp\/v2\/tags?post=1693"}],"curies":[{"name":"wp","href":"https:\/\/api.w.org\/{rel}","templated":true}]}}