{"id":153,"date":"2016-06-29T12:37:41","date_gmt":"2016-06-29T11:37:41","guid":{"rendered":"http:\/\/solidaires87.org\/sudeduclimousin\/?p=153"},"modified":"2019-12-29T10:25:21","modified_gmt":"2019-12-29T09:25:21","slug":"victoire-communique-de-la-coordination-des-intermittents-et-precaires-du-limousin-%c2%ad-17-juin-2016","status":"publish","type":"post","link":"https:\/\/solidaires87.org\/sudeduclimousin\/2016\/06\/29\/victoire-communique-de-la-coordination-des-intermittents-et-precaires-du-limousin-%c2%ad-17-juin-2016\/","title":{"rendered":"Victoire ! Communiqu\u00e9 de la Coordination des Intermittents et Pr\u00e9caires du Limousin \u00ad 17 Juin 2016"},"content":{"rendered":"<p>Victoire !\u00a0Communiqu\u00e9 de la Coordination des Intermittents et Pr\u00e9caires du Limousin \u00ad 17 Juin 2016<\/p>\n<p>\u00ab\u00a0Si ta r\u00e9volution ne sait pas danser, ne m&rsquo;invite pas \u00e0 ta r\u00e9volution.\u00a0\u00bb<\/p>\n<p>Sous-commandant Marcos.<\/p>\n<p>Aujourd\u2019hui, nous pouvons nous r\u00e9jouir !<\/p>\n<p>Hier, le dogmatisme obtus du MEDEF a caus\u00e9 l\u2019\u00e9chec des n\u00e9gociations entre les \u201cpartenaires sociaux\u201d sur l&rsquo;assurance ch\u00f4mage. Cet \u00e9chec du \u201cparitarisme\u201d a contraint le gouvernement \u00e0 proroger la convention UNEDIC pour l&rsquo;ensemble des ch\u00f4meurs jusqu&rsquo;\u00e0 d&rsquo;hypoth\u00e9tiques nouvelles n\u00e9gociations des \u201cpartenaires sociaux\u201d.<\/p>\n<p>Mais, le gouvernement a \u00e9galement \u00e9t\u00e9 forc\u00e9 de reconna\u00eetre la pertinence de nos propositions concernant les annexes 8 et 10. Il en r\u00e9sulte que l&rsquo;accord du 28 avril 2016 entrera en application par d\u00e9cret d\u00e8s la mi-juillet 2016.<\/p>\n<p>Ce dernier point est une triple victoire :<\/p>\n<ul>\n<li>&#8211;\u00a0C&rsquo;est la preuve qu&rsquo;il n&rsquo;y a pas de fatalit\u00e9 et qu&rsquo;un mouvement social peut, non seulement, r\u00e9sister aux attaques sur les droits sociaux, mais aussi passer \u00e0 l&rsquo;offensive en cr\u00e9ant de nouveaux droits.<\/li>\n<\/ul>\n<p>Un retour aux 507 heures sur douze mois, cela signifie des centaines voire des milliers de personnes qui ne seront pas exclues de l&rsquo;assurance ch\u00f4mage. Inutile de pr\u00e9ciser ce que cela implique concr\u00e8tement pour ces personnes et leur famille : chacun peut imaginer ce que signifie se retrouver sans droits au ch\u00f4mage. Par ailleurs, avec une allocation journali\u00e8re minimale, personne n&rsquo;aura une indemnit\u00e9 ridicule \u00e0 cause d&rsquo;un cong\u00e9 maternit\u00e9 ou autre.<\/p>\n<ul>\n<li>&#8211;\u00a0C&rsquo;est une victoire id\u00e9ologique. L&rsquo;accord du 28 avril s&rsquo;est fait sur la validation des propositions de la CIP et du Comit\u00e9 de suivi.<\/li>\n<\/ul>\n<p>C&rsquo;est aussi la d\u00e9monstration qu&rsquo;il est possible de faire valoir l&rsquo;expertise des citoyens, plut\u00f4t que de se soumettre au diktat habituel exerc\u00e9 par le MEDEF sur des n\u00e9gociations dont les r\u00e8gles lui assurent d&rsquo;\u00eatre le seul \u00e0 pouvoir en imposer les termes.<\/p>\n<p>Depuis trop longtemps, en mati\u00e8re de droits sociaux, il n\u2019y a eu que des r\u00e9gressions. Aujourd\u2019hui, on peut enfin parler de progr\u00e8s.<\/p>\n<ul>\n<li>&#8211;\u00a0C&rsquo;est une victoire pour tous. Une victoire mobilisatrice. La preuve est faite que le combat peut porter ses fruits en ces moments de lutte sociale g\u00e9n\u00e9ralis\u00e9e.<\/li>\n<\/ul>\n<p>Cette victoire n\u2019aurait pas \u00e9t\u00e9 possible sans tous ceux qui ont lutt\u00e9 \u00e0 nos c\u00f4t\u00e9s. Nous tenons \u00e0 remercier :<\/p>\n<ul>\n<li>&#8211; En premier et haut lieu : tous ceux qui, en 2003, se sont engag\u00e9s et mobilis\u00e9s, qui ont fait gr\u00e8ve, et pris des risques qu\u2019ils ont souvent pay\u00e9s au prix fort. Nous pouvons affirmer aujourd\u2019hui que tout cela n\u2019aura pas \u00e9t\u00e9 vain.<\/li>\n<li>&#8211; Toutes les personnes qui sont venues nous aider \u00e0 construire nos propositions : \u00e9conomistes, sociologues, avocats\u2026<\/li>\n<li>&#8211; Tous les gens impliqu\u00e9s dans les diff\u00e9rentes commissions (l\u00e9gistes, nouveau mod\u00e8le, action,&#8230;).<\/li>\n<li>&#8211; Recours Radiation, les Matermittentes, les syndicats partenaires (CGT \/ SUD), les personnes impliqu\u00e9es dans le Comit\u00e9 de suivi, tous ceux qui sont venus aux AG, ont manifest\u00e9, ont donn\u00e9 aux caisses de soutien, les publics solidaires, les th\u00e9\u00e2tres qui nous ont accueillis et soutenus, les membres des Nuits Debout qui nous ont rejoints.<\/li>\n<li>&#8211; Nous tenons aussi \u00e0 remercier d\u2019avance tous ceux qui vont nous rejoindre dans les jours \u00e0 venir pour organiser la suite&#8230;<\/li>\n<\/ul>\n<p>Certes, les victoires sont fragiles\u2026<\/p>\n<p>Certes, l&rsquo;accord du 28 avril n&rsquo;est pas une promesse de paradis sur terre (loin de l\u00e0 !), mais c&rsquo;est un accord qui permet de fonder des annexes 8 et 10 plus justes et plus adapt\u00e9es qu&rsquo;elles ne l&rsquo;ont jamais \u00e9t\u00e9.<\/p>\n<p>Nous serons extr\u00eamement vigilants quant \u00e0 la teneur exacte du d\u00e9cret.<\/p>\n<p>Nous avons d\u00e9j\u00e0 connu des victoires qui ont \u00e9t\u00e9 ou sont en passe d&rsquo;\u00eatre menac\u00e9es. Ainsi, en 2015, le Conseil d&rsquo;\u00c9tat avait rendu un avis historique, mettant un terme aux pratiques mafieuses de l\u2019UNEDIC concernant notamment la saisie arbitraire des trop-per\u00e7us et la non prise en compte des heures d\u00e9clar\u00e9es tardivement. L&rsquo;article 52 de la loi El Khomri, avec un cynisme absolu, rend l\u00e9gal ce que le Conseil d&rsquo;\u00c9tat avait jug\u00e9 ill\u00e9gal.<\/p>\n<p>C&rsquo;est \u00e0 nous tous de prot\u00e9ger nos victoires.<\/p>\n<p>Apr\u00e8s la f\u00eate, la mobilisation doit rester intacte, voire s&rsquo;amplifier, dans un esprit de conqu\u00eate de nouveaux droits sociaux.<\/p>\n<p>Nous continuerons \u00e0 d\u00e9noncer la main mise du MEDEF sur le \u201cparitarisme\u201d.<\/p>\n<p>Nous continuerons \u00e0 lutter pour que les six ch\u00f4meurs sur dix actuellement non-indemnis\u00e9s, conqui\u00e8rent de v\u00e9ritables droits.<\/p>\n<p>Parce que les prochaines n\u00e9gociations sur le r\u00e9gime g\u00e9n\u00e9ral d&rsquo;assurance ch\u00f4mage risquent d&rsquo;\u00eatre r\u00e9gressives.<\/p>\n<p>Parce que la lutte contre la loi \u00ab\u00a0Travaille !\u00a0\u00bb et son monde continue.<\/p>\n<p>Parce que nous n&rsquo;acceptons pas de subir la r\u00e9pression polici\u00e8re dans un \u00e9tat d&rsquo;urgence permanent.<\/p>\n<p>Parce que nous refusons la criminalisation des luttes sociales, qui ont toutes les m\u00eames causes et les m\u00eames effets : le n\u00e9o-lib\u00e9ralisme d&rsquo;\u00e9tat (soutien total \u00e0 tous les inculp\u00e9s du mouvement social !).<\/p>\n<p>Parce que nous ne sommes pas dupes des politiques men\u00e9es par les technocrates de l&rsquo;Union Europ\u00e9enne sous l&rsquo;influence croissante des multinationales.<\/p>\n<p>Parce que tout est reli\u00e9.<\/p>\n<p>Parce que nous ne serons plus jamais r\u00e9sign\u00e9s.<\/p>\n<p>La lutte commence.<\/p>\n<p>Ce que nous d\u00e9fendons, nous le d\u00e9fendons pour tous et avec tous !<\/p>\n<p><img decoding=\"async\" src=\"https:\/\/plus.google.com\/u\/0\/_\/focus\/photos\/public\/AIbEiAIAAABECK7ctpvxsrLTrgEiC3ZjYXJkX3Bob3RvKig1YzBkODAxNjNiMDk2MGEzMDVhZTBhZWI4NTQzNzJmYmYxYjAzNjgzMAF4hGT0F4Gqt0tkP-PNYK9AkpPaHQ?sz=32\" alt=\"\" \/><\/p>\n<p><a href=\"http:\/\/solidaires87.org\/sudeduclimousin\/wp-content\/uploads\/sites\/4\/2016\/06\/Communiqu\u00e9-de-la-Coordination-des-Intermittents-et-Pr\u00e9caires-du-Limousin-17-Juin-2016-1.pdf\" rel=\"\">Communiqu\u00e9 de la CIP : version imprimable<\/a><\/p>\n","protected":false},"excerpt":{"rendered":"<p>Victoire !\u00a0Communiqu\u00e9 de la Coordination des Intermittents et Pr\u00e9caires du Limousin \u00ad 17 Juin 2016 \u00ab\u00a0Si ta r\u00e9volution ne sait pas danser, ne m&rsquo;invite pas \u00e0 ta r\u00e9volution.\u00a0\u00bb Sous-commandant Marcos. Aujourd\u2019hui, nous pouvons nous r\u00e9jouir ! Hier, le dogmatisme obtus&#8230;<br \/><a class=\"read-more-button\" href=\"https:\/\/solidaires87.org\/sudeduclimousin\/2016\/06\/29\/victoire-communique-de-la-coordination-des-intermittents-et-precaires-du-limousin-%c2%ad-17-juin-2016\/\">Savoir plus<\/a><\/p>\n","protected":false},"author":18,"featured_media":0,"comment_status":"closed","ping_status":"open","sticky":false,"template":"","format":"standard","meta":{"footnotes":""},"categories":[10],"tags":[],"_links":{"self":[{"href":"https:\/\/solidaires87.org\/sudeduclimousin\/wp-json\/wp\/v2\/posts\/153"}],"collection":[{"href":"https:\/\/solidaires87.org\/sudeduclimousin\/wp-json\/wp\/v2\/posts"}],"about":[{"href":"https:\/\/solidaires87.org\/sudeduclimousin\/wp-json\/wp\/v2\/types\/post"}],"author":[{"embeddable":true,"href":"https:\/\/solidaires87.org\/sudeduclimousin\/wp-json\/wp\/v2\/users\/18"}],"replies":[{"embeddable":true,"href":"https:\/\/solidaires87.org\/sudeduclimousin\/wp-json\/wp\/v2\/comments?post=153"}],"version-history":[{"count":4,"href":"https:\/\/solidaires87.org\/sudeduclimousin\/wp-json\/wp\/v2\/posts\/153\/revisions"}],"predecessor-version":[{"id":199,"href":"https:\/\/solidaires87.org\/sudeduclimousin\/wp-json\/wp\/v2\/posts\/153\/revisions\/199"}],"wp:attachment":[{"href":"https:\/\/solidaires87.org\/sudeduclimousin\/wp-json\/wp\/v2\/media?parent=153"}],"wp:term":[{"taxonomy":"category","embeddable":true,"href":"https:\/\/solidaires87.org\/sudeduclimousin\/wp-json\/wp\/v2\/categories?post=153"},{"taxonomy":"post_tag","embeddable":true,"href":"https:\/\/solidaires87.org\/sudeduclimousin\/wp-json\/wp\/v2\/tags?post=153"}],"curies":[{"name":"wp","href":"https:\/\/api.w.org\/{rel}","templated":true}]}}