{"id":146,"date":"2016-06-30T11:02:24","date_gmt":"2016-06-30T10:02:24","guid":{"rendered":"http:\/\/solidaires87.org\/sudeduclimousin\/?p=146"},"modified":"2019-12-29T10:24:51","modified_gmt":"2019-12-29T09:24:51","slug":"contre-la-loi-travail-et-son-monde-on-continue-la-lutte-on-ne-se-taira-pas","status":"publish","type":"post","link":"https:\/\/solidaires87.org\/sudeduclimousin\/2016\/06\/30\/contre-la-loi-travail-et-son-monde-on-continue-la-lutte-on-ne-se-taira-pas\/","title":{"rendered":"Contre la loi Travail et son monde : on continue la lutte, on ne se taira pas"},"content":{"rendered":"<div class=\"titre\">\n<h1><\/h1>\n<\/div>\n<div class=\"soustitre\"><i><b>Communiqu\u00e9 de la F\u00e9d\u00e9ration SUD \u00e9ducation du 17 juin 2016<\/b><\/i><\/div>\n<p>&nbsp;<\/p>\n<div class=\"detail\">Publi\u00e9\u00a0le\u00a0vendredi\u00a017 juin 2016 sur <a href=\"http:\/\/www.sudeducation.org\/Contre-la-loi-Travail-et-son-monde-6557.html\">http:\/\/www.sudeducation.org\/Contre-la-loi-Travail-et-son-monde-6557.html<\/a><\/div>\n<div class=\"texte\">\n<p>La gr\u00e8ve et la mobilisation du 14 juin pour le retrait de la loi Travail ont \u00e9t\u00e9 massives, avec des centaines de milliers de manifestant-e-s \u00e0 Paris et dans tout le pays, d\u00e9mentant encore une fois les discours du pouvoir sur l\u2019essoufflement et sur la fin du mouvement.<\/p>\n<p><strong>Gagner sur la loi Travail, c\u2019est avancer sur nos revendications \u00e0 tou-te-s<\/strong><\/p>\n<p>Le projet de la loi Travail constitue une r\u00e9gression historique des droits des salari\u00e9-e-s. L\u2019inversion de la hi\u00e9rarchie des normes est un probl\u00e8me central, mais c\u2019est l\u2019ensemble du projet qui doit \u00eatre retir\u00e9, pas seulement l\u2019article 2. Derri\u00e8re cette attaque du code du travail, il est \u00e9vident que c\u2019est la remise en cause du statut de la fonction publique qui se profile. Nous sommes donc tou-te-s concern\u00e9-e-s et une victoire sur la loi Travail ouvrirait la voie \u00e0 une re-mobilisation g\u00e9n\u00e9rale de notre camp social, \u00e0 un rapport de force favorable \u00e0 nos revendications.<\/p>\n<p><strong>La lutte est bien vivante\u00a0!<\/strong><\/p>\n<p>Le gouvernement annonce aujourd\u2019hui vouloir interdire les manifestations \u00ab\u00a0si la s\u00e9curit\u00e9 des biens et des personnes n\u2019est pas assur\u00e9e\u00a0\u00bb, alors que les violences polici\u00e8res se multiplient et que le pouvoir en place organise la tension et tente de d\u00e9cr\u00e9dibiliser le mouvement syndical. D\u00e9j\u00e0, des centaines de personnes ont \u00e9t\u00e9 interdites de manifestation. Les actes de r\u00e9pression, les arrestations, les condamnations des manifestant-e-s se multiplient. C\u2019est inacceptable\u00a0! La v\u00e9ritable violence et la v\u00e9ritable casse, c\u2019est l\u2019Etat qui l\u2019impose en inscrivant dans la loi l\u2019exploitation des travailleurs\/euses.<\/p>\n<p><strong>Nous ne nous laisserons pas intimider\u00a0!<\/strong><\/p>\n<p>La f\u00e9d\u00e9ration SUD \u00e9ducation affirme sa solidarit\u00e9 avec les r\u00e9prim\u00e9-e-s et exige l\u2019abandon des poursuites et leur relaxe. Nous appelons l\u2019ensemble des organisations syndicales et collectifs de lutte \u00e0 organiser la solidarit\u00e9, \u00e0 maintenir les appels aux mobilisations, aux pr\u00e9sences dans la rue, aux manifestations et aux gr\u00e8ves, qu\u2019elles soient autoris\u00e9es ou non.<\/p>\n<p><strong>Ce sont eux et elles les casseurs\/euses\u00a0!<\/strong><\/p>\n<p>Le terme \u00ab\u00a0casseurs\u00a0\u00bb est le mot du pouvoir et des m\u00e9dias dominants. Il n\u2019a qu\u2019une fonction\u00a0: nous diviser. La f\u00e9d\u00e9ration des syndicats SUD \u00e9ducation exprime sa solidarit\u00e9 avec tou-te-s celles et ceux qui luttent.<\/p>\n<p><strong>La lutte continue\u00a0pour le retrait de la loi Travail et contre le monde qu\u2019elle construit\u00a0!<\/strong><\/p>\n<p>Autoritarisme, r\u00e9pression et d\u00e9sinformation sont les seules r\u00e9ponses du gouvernement, qui cherche le pourrissement du mouvement.<\/p>\n<h3 class=\"spip\">La f\u00e9d\u00e9ration SUD \u00e9ducation appelle \u00e0 poursuivre et amplifier la mobilisation, en se saisissant de toutes les initiatives pour \u00e9largir l\u2019implication dans la lutte,\u00a0<strong>mais surtout les mobilisations avec actions de blocage et gr\u00e8ves avec les dates nationales interprofessionnelles des 23 juin et du 28 juin (jour du vote au S\u00e9nat).<\/strong><\/h3>\n<p><img decoding=\"async\" src=\"http:\/\/www.sudeducation.org\/local\/cache-vignettes\/L107xH150\/arton6557-bf0b5.png\" alt=\"\" \/><\/p>\n<\/div>\n<p><a href=\"http:\/\/solidaires87.org\/sudeduclimousin\/wp-content\/uploads\/sites\/4\/2016\/06\/Contre-la-loi-travail-et-son-monde.pdf\" target=\"_blank\" rel=\"noopener noreferrer\">Contre la loi travail et son monde : version imprimable<\/a><\/p>\n","protected":false},"excerpt":{"rendered":"<p>Communiqu\u00e9 de la F\u00e9d\u00e9ration SUD \u00e9ducation du 17 juin 2016 &nbsp; Publi\u00e9\u00a0le\u00a0vendredi\u00a017 juin 2016 sur http:\/\/www.sudeducation.org\/Contre-la-loi-Travail-et-son-monde-6557.html La gr\u00e8ve et la mobilisation du 14 juin pour le retrait de la loi Travail ont \u00e9t\u00e9 massives, avec des centaines de milliers de&#8230;<br \/><a class=\"read-more-button\" href=\"https:\/\/solidaires87.org\/sudeduclimousin\/2016\/06\/30\/contre-la-loi-travail-et-son-monde-on-continue-la-lutte-on-ne-se-taira-pas\/\">Savoir plus<\/a><\/p>\n","protected":false},"author":18,"featured_media":0,"comment_status":"closed","ping_status":"open","sticky":false,"template":"","format":"standard","meta":{"footnotes":""},"categories":[9,5],"tags":[],"_links":{"self":[{"href":"https:\/\/solidaires87.org\/sudeduclimousin\/wp-json\/wp\/v2\/posts\/146"}],"collection":[{"href":"https:\/\/solidaires87.org\/sudeduclimousin\/wp-json\/wp\/v2\/posts"}],"about":[{"href":"https:\/\/solidaires87.org\/sudeduclimousin\/wp-json\/wp\/v2\/types\/post"}],"author":[{"embeddable":true,"href":"https:\/\/solidaires87.org\/sudeduclimousin\/wp-json\/wp\/v2\/users\/18"}],"replies":[{"embeddable":true,"href":"https:\/\/solidaires87.org\/sudeduclimousin\/wp-json\/wp\/v2\/comments?post=146"}],"version-history":[{"count":7,"href":"https:\/\/solidaires87.org\/sudeduclimousin\/wp-json\/wp\/v2\/posts\/146\/revisions"}],"predecessor-version":[{"id":2024,"href":"https:\/\/solidaires87.org\/sudeduclimousin\/wp-json\/wp\/v2\/posts\/146\/revisions\/2024"}],"wp:attachment":[{"href":"https:\/\/solidaires87.org\/sudeduclimousin\/wp-json\/wp\/v2\/media?parent=146"}],"wp:term":[{"taxonomy":"category","embeddable":true,"href":"https:\/\/solidaires87.org\/sudeduclimousin\/wp-json\/wp\/v2\/categories?post=146"},{"taxonomy":"post_tag","embeddable":true,"href":"https:\/\/solidaires87.org\/sudeduclimousin\/wp-json\/wp\/v2\/tags?post=146"}],"curies":[{"name":"wp","href":"https:\/\/api.w.org\/{rel}","templated":true}]}}