{"id":1456,"date":"2019-09-21T16:49:12","date_gmt":"2019-09-21T15:49:12","guid":{"rendered":"http:\/\/solidaires87.org\/sudeduclimousin\/?p=1456"},"modified":"2019-09-29T15:22:47","modified_gmt":"2019-09-29T14:22:47","slug":"le-24-septembre-toutes-et-tous-dans-la-rue-greve-et-manifestations-contre-le-projet-de-reforme-des-retraites","status":"publish","type":"post","link":"https:\/\/solidaires87.org\/sudeduclimousin\/2019\/09\/21\/le-24-septembre-toutes-et-tous-dans-la-rue-greve-et-manifestations-contre-le-projet-de-reforme-des-retraites\/","title":{"rendered":"Le 24 septembre toutes-et tous dans la rue !                     Gr\u00e8ve et manifestations contre le projet de r\u00e9forme des retraites"},"content":{"rendered":"\n<p>Manifestations:<\/p>\n\n\n\n<p><strong>Limoges<\/strong>: 10h 30 Carrefour Tourny<\/p>\n\n\n\n<p><strong>Tulle<\/strong>: 15h place Smollensk (march\u00e9 couvert \u00e0 c\u00f4t\u00e9 de la gare)<\/p>\n\n\n\n<p><strong>Gu\u00e9ret<\/strong>: 9H00 Parking Sauthon, ZI Cher du Prat <\/p>\n\n\n\n<p>10H30 D\u00e9bats et point presse \u00e0 la S\u00e9curit\u00e9 Sociale de la Creuse<\/p>\n\n\n\n<p>12H00 Rassemblement et barbeccue g\u00e9ant devant l&rsquo;h\u00f4pital<\/p>\n\n\n<a href=\"https:\/\/solidaires87.org\/sudeduclimousin\/wp-content\/uploads\/sites\/4\/2019\/09\/tract-retraites.pdf\" class=\"pdfemb-viewer\" style=\"\" data-width=\"max\" data-height=\"max\"  data-toolbar=\"bottom\" data-toolbar-fixed=\"off\">tract-retraites<br\/><\/a>\n<p class=\"wp-block-pdfemb-pdf-embedder-viewer\"><\/p>\n\n\n\n<p><\/p>\n","protected":false},"excerpt":{"rendered":"<p>Manifestations: Limoges: 10h 30 Carrefour Tourny Tulle: 15h place Smollensk (march\u00e9 couvert \u00e0 c\u00f4t\u00e9 de la gare) Gu\u00e9ret: 9H00 Parking Sauthon, ZI Cher du Prat 10H30 D\u00e9bats et point presse \u00e0 la S\u00e9curit\u00e9 Sociale de la Creuse 12H00 Rassemblement et&#8230;<br \/><a class=\"read-more-button\" href=\"https:\/\/solidaires87.org\/sudeduclimousin\/2019\/09\/21\/le-24-septembre-toutes-et-tous-dans-la-rue-greve-et-manifestations-contre-le-projet-de-reforme-des-retraites\/\">Savoir plus<\/a><\/p>\n","protected":false},"author":18,"featured_media":0,"comment_status":"open","ping_status":"open","sticky":false,"template":"","format":"standard","meta":{"footnotes":""},"categories":[3,5],"tags":[],"_links":{"self":[{"href":"https:\/\/solidaires87.org\/sudeduclimousin\/wp-json\/wp\/v2\/posts\/1456"}],"collection":[{"href":"https:\/\/solidaires87.org\/sudeduclimousin\/wp-json\/wp\/v2\/posts"}],"about":[{"href":"https:\/\/solidaires87.org\/sudeduclimousin\/wp-json\/wp\/v2\/types\/post"}],"author":[{"embeddable":true,"href":"https:\/\/solidaires87.org\/sudeduclimousin\/wp-json\/wp\/v2\/users\/18"}],"replies":[{"embeddable":true,"href":"https:\/\/solidaires87.org\/sudeduclimousin\/wp-json\/wp\/v2\/comments?post=1456"}],"version-history":[{"count":1,"href":"https:\/\/solidaires87.org\/sudeduclimousin\/wp-json\/wp\/v2\/posts\/1456\/revisions"}],"predecessor-version":[{"id":1457,"href":"https:\/\/solidaires87.org\/sudeduclimousin\/wp-json\/wp\/v2\/posts\/1456\/revisions\/1457"}],"wp:attachment":[{"href":"https:\/\/solidaires87.org\/sudeduclimousin\/wp-json\/wp\/v2\/media?parent=1456"}],"wp:term":[{"taxonomy":"category","embeddable":true,"href":"https:\/\/solidaires87.org\/sudeduclimousin\/wp-json\/wp\/v2\/categories?post=1456"},{"taxonomy":"post_tag","embeddable":true,"href":"https:\/\/solidaires87.org\/sudeduclimousin\/wp-json\/wp\/v2\/tags?post=1456"}],"curies":[{"name":"wp","href":"https:\/\/api.w.org\/{rel}","templated":true}]}}