{"id":1436,"date":"2019-09-08T13:27:29","date_gmt":"2019-09-08T12:27:29","guid":{"rendered":"http:\/\/solidaires87.org\/sudeduclimousin\/?p=1436"},"modified":"2020-09-22T08:42:38","modified_gmt":"2020-09-22T07:42:38","slug":"pour-adherer","status":"publish","type":"post","link":"https:\/\/solidaires87.org\/sudeduclimousin\/2019\/09\/08\/pour-adherer\/","title":{"rendered":"Pour adh\u00e9rer"},"content":{"rendered":"\n<p>Vous souhaitez adh\u00e9rer \u00e0 Sud \u00e9ducation Limousin?<\/p>\n\n\n\n<p>Il vous suffit de remplir le bulletin d&rsquo;adh\u00e9sion ci-dessous et de le renvoyer accompagn\u00e9 de votre r\u00e8glement, \u00e0 Sud \u00e9ducation Limousin 19 avenue du G\u00e9n\u00e9ral Leclerc 87100 Limoges.<\/p>\n\n\n\n<p>Pour tout renseignement compl\u00e9mentaire, envoyez-nous un message \u00e0 l&rsquo;adresse sudeduclimousin@ouvaton.org<\/p>\n\n\n<a href=\"https:\/\/solidaires87.org\/sudeduclimousin\/wp-content\/uploads\/sites\/4\/2020\/09\/SUD-\u00e9ducation-Limousin-bulletin-d-adhesion_2020-2021.pdf\" class=\"pdfemb-viewer\" style=\"\" data-width=\"max\" data-height=\"max\"  data-toolbar=\"bottom\" data-toolbar-fixed=\"off\">SUD-\u00e9ducation-Limousin-bulletin-d-adhesion_2020-2021<br\/><\/a>\n<p class=\"wp-block-pdfemb-pdf-embedder-viewer\"><\/p>\n\n\n\n<figure class=\"wp-block-embed-wordpress wp-block-embed is-type-wp-embed is-provider-sud-education-limousin\"><div class=\"wp-block-embed__wrapper\">\n<blockquote class=\"wp-embedded-content\" data-secret=\"tUb7iRzXi8\"><a href=\"http:\/\/solidaires87.org\/sudeduclimousin\/sud-education-limousin-bulletin-d-adhesion_2020-2021\/\">SUD \u00e9ducation Limousin &#8211; bulletin-d-adhesion_2020-2021<\/a><\/blockquote><iframe class=\"wp-embedded-content\" sandbox=\"allow-scripts\" security=\"restricted\" style=\"position: absolute; clip: rect(1px, 1px, 1px, 1px);\" title=\"\u00ab\u00a0SUD \u00e9ducation Limousin &#8211; bulletin-d-adhesion_2020-2021\u00a0\u00bb &#8212; Sud \u00e9ducation Limousin\" src=\"http:\/\/solidaires87.org\/sudeduclimousin\/sud-education-limousin-bulletin-d-adhesion_2020-2021\/embed\/#?secret=tUb7iRzXi8\" data-secret=\"tUb7iRzXi8\" width=\"600\" height=\"338\" frameborder=\"0\" marginwidth=\"0\" marginheight=\"0\" scrolling=\"no\"><\/iframe>\n<\/div><\/figure>\n","protected":false},"excerpt":{"rendered":"<p>Vous souhaitez adh\u00e9rer \u00e0 Sud \u00e9ducation Limousin? Il vous suffit de remplir le bulletin d&rsquo;adh\u00e9sion ci-dessous et de le renvoyer accompagn\u00e9 de votre r\u00e8glement, \u00e0 Sud \u00e9ducation Limousin 19 avenue du G\u00e9n\u00e9ral Leclerc 87100 Limoges. Pour tout renseignement compl\u00e9mentaire, envoyez-nous&#8230;<br \/><a class=\"read-more-button\" href=\"https:\/\/solidaires87.org\/sudeduclimousin\/2019\/09\/08\/pour-adherer\/\">Savoir plus<\/a><\/p>\n","protected":false},"author":18,"featured_media":0,"comment_status":"closed","ping_status":"open","sticky":true,"template":"","format":"standard","meta":{"footnotes":""},"categories":[11],"tags":[],"_links":{"self":[{"href":"https:\/\/solidaires87.org\/sudeduclimousin\/wp-json\/wp\/v2\/posts\/1436"}],"collection":[{"href":"https:\/\/solidaires87.org\/sudeduclimousin\/wp-json\/wp\/v2\/posts"}],"about":[{"href":"https:\/\/solidaires87.org\/sudeduclimousin\/wp-json\/wp\/v2\/types\/post"}],"author":[{"embeddable":true,"href":"https:\/\/solidaires87.org\/sudeduclimousin\/wp-json\/wp\/v2\/users\/18"}],"replies":[{"embeddable":true,"href":"https:\/\/solidaires87.org\/sudeduclimousin\/wp-json\/wp\/v2\/comments?post=1436"}],"version-history":[{"count":4,"href":"https:\/\/solidaires87.org\/sudeduclimousin\/wp-json\/wp\/v2\/posts\/1436\/revisions"}],"predecessor-version":[{"id":3097,"href":"https:\/\/solidaires87.org\/sudeduclimousin\/wp-json\/wp\/v2\/posts\/1436\/revisions\/3097"}],"wp:attachment":[{"href":"https:\/\/solidaires87.org\/sudeduclimousin\/wp-json\/wp\/v2\/media?parent=1436"}],"wp:term":[{"taxonomy":"category","embeddable":true,"href":"https:\/\/solidaires87.org\/sudeduclimousin\/wp-json\/wp\/v2\/categories?post=1436"},{"taxonomy":"post_tag","embeddable":true,"href":"https:\/\/solidaires87.org\/sudeduclimousin\/wp-json\/wp\/v2\/tags?post=1436"}],"curies":[{"name":"wp","href":"https:\/\/api.w.org\/{rel}","templated":true}]}}