{"id":1404,"date":"2019-06-17T21:48:33","date_gmt":"2019-06-17T20:48:33","guid":{"rendered":"http:\/\/solidaires87.org\/sudeduclimousin\/?p=1404"},"modified":"2020-02-26T07:38:30","modified_gmt":"2020-02-26T06:38:30","slug":"greve-des-examens-sud-education-appelle-a-la-reconduction","status":"publish","type":"post","link":"https:\/\/solidaires87.org\/sudeduclimousin\/2019\/06\/17\/greve-des-examens-sud-education-appelle-a-la-reconduction\/","title":{"rendered":"Gr\u00e8ve des examens : SUD \u00e9ducation appelle \u00e0 la reconduction"},"content":{"rendered":"\n<figure class=\"wp-block-image\"><img loading=\"lazy\" decoding=\"async\" width=\"150\" height=\"119\" src=\"http:\/\/solidaires87.org\/sudeduclimousin\/wp-content\/uploads\/sites\/4\/2018\/01\/arton7338-4d760.png\" alt=\"\" class=\"wp-image-773\" \/><\/figure>\n\n\n\n<figure class=\"wp-block-image\"><img loading=\"lazy\" decoding=\"async\" width=\"590\" height=\"510\" src=\"http:\/\/solidaires87.org\/sudeduclimousin\/wp-content\/uploads\/sites\/4\/2017\/12\/Visuel-pour-un-lycee-egalitaire.png\" alt=\"\" class=\"wp-image-745\" srcset=\"https:\/\/solidaires87.org\/sudeduclimousin\/wp-content\/uploads\/sites\/4\/2017\/12\/Visuel-pour-un-lycee-egalitaire.png 590w, https:\/\/solidaires87.org\/sudeduclimousin\/wp-content\/uploads\/sites\/4\/2017\/12\/Visuel-pour-un-lycee-egalitaire-300x259.png 300w\" sizes=\"(max-width: 590px) 100vw, 590px\" \/><\/figure>\n\n\n\n<p>La gr\u00e8ve appel\u00e9e ce lundi 17 juin par une intersyndicale large \u00e0\n laquelle participait SUD \u00e9ducation, ainsi que par des collectifs de \npersonnels mobilis\u00e9s (stylos rouges et la cha\u00eene des bahuts), a \u00e9t\u00e9 une \nr\u00e9ussite importante. D\u2019une part parce que dans de nombreux centres \nd\u2019examens, la gr\u00e8ve a \u00e9t\u00e9 bien suivie. D\u2019autre part parce que les \npersonnels se sont r\u00e9unis en Assembl\u00e9e g\u00e9n\u00e9rale d\u2019\u00e9tablissement, de \nville ou d\u00e9partementales, et ont tr\u00e8s souvent vot\u00e9 la gr\u00e8ve pour le \nlendemain.<\/p>\n\n\n\n<p>La communication du ministre, alternant entre minimisation de \nl\u2019impact qu\u2019aurait la gr\u00e8ve et culpabilisation des gr\u00e9vistes, a \u00e9t\u00e9 \nrendue caduque par un mouvement fort. L\u2019institution a bel et bien \u00e9t\u00e9 \nmise en difficult\u00e9, la passation de l\u2019\u00e9preuve se faisant souvent dans \ndes conditions tr\u00e8s compliqu\u00e9es. Les droits des personnels, en \nparticulier des pr\u00e9caires, ont bien souvent \u00e9t\u00e9 bafou\u00e9s par des \nconvocations abusives.<\/p>\n\n\n\n<p>Cette mobilisation le premier jour du baccalaur\u00e9at, par sa nature \nexceptionnelle, montre une volont\u00e9 d\u2019en d\u00e9coudre de la part des \npersonnels qui est \u00e0 la hauteur des attaques subies par le service \npublic d\u2019\u00e9ducation. La capacit\u00e9 d\u2019organisation des personnels mobilis\u00e9s \n(piquets de gr\u00e8ve, rassemblements, distribution de tracts, AG) est le \nsigne d\u2019une dynamique de fond. Dans la suite des mobilisations contre \nles r\u00e9formes des lyc\u00e9es cet hiver, de la mobilisation contre la loi \nBlanquer au printemps, c\u2019est un nouveau signal tr\u00e8s fort de la volont\u00e9 \ndes personnels de l\u2019\u00e9ducation de construire et de gagner le rapport de \nforce contre l\u2019ensemble de la politique \u00e9ducative de Blanquer.<\/p>\n\n\n\n<p>C\u2019est pourquoi, d\u00e8s \u00e0 pr\u00e9sent&nbsp;:<br>\n\t-SUD \u00e9ducation appelle les personnels \u00e0 reconduire la gr\u00e8ve d\u00e8s demain <br>\n\t-SUD \u00e9ducation appelle l\u2019ensemble des personnels \u00e0 rejoindre et \u00e0 \n\u00e9tendre la mobilisation, en organisant des Assembl\u00e9es g\u00e9n\u00e9rales et en \nvotant la gr\u00e8ve et sa reconduction <br>\n\t-SUD \u00e9ducation appelle les personnels \u00e0 poursuivre dans le cadre le \nplus collectif possible la gr\u00e8ve des examens pour toutes les \nsurveillances, des baccalaur\u00e9ats et du DNB, des corrections sur site, \ndes oraux et des convocations de jury<\/p>\n\n\n\n<p>Le communiqu\u00e9 intersyndical de ce jour, que SUD \u00e9ducation a sign\u00e9, \ndoit \u00eatre \u00e0 ce titre un point d\u2019appui pour la reconduction et \nl\u2019extension de la gr\u00e8ve.<\/p>\n","protected":false},"excerpt":{"rendered":"<p>La gr\u00e8ve appel\u00e9e ce lundi 17 juin par une intersyndicale large \u00e0 laquelle participait SUD \u00e9ducation, ainsi que par des collectifs de personnels mobilis\u00e9s (stylos rouges et la cha\u00eene des bahuts), a \u00e9t\u00e9 une r\u00e9ussite importante. D\u2019une part parce que&#8230;<br \/><a class=\"read-more-button\" href=\"https:\/\/solidaires87.org\/sudeduclimousin\/2019\/06\/17\/greve-des-examens-sud-education-appelle-a-la-reconduction\/\">Savoir plus<\/a><\/p>\n","protected":false},"author":18,"featured_media":0,"comment_status":"closed","ping_status":"open","sticky":false,"template":"","format":"standard","meta":{"footnotes":""},"categories":[9,5],"tags":[14],"_links":{"self":[{"href":"https:\/\/solidaires87.org\/sudeduclimousin\/wp-json\/wp\/v2\/posts\/1404"}],"collection":[{"href":"https:\/\/solidaires87.org\/sudeduclimousin\/wp-json\/wp\/v2\/posts"}],"about":[{"href":"https:\/\/solidaires87.org\/sudeduclimousin\/wp-json\/wp\/v2\/types\/post"}],"author":[{"embeddable":true,"href":"https:\/\/solidaires87.org\/sudeduclimousin\/wp-json\/wp\/v2\/users\/18"}],"replies":[{"embeddable":true,"href":"https:\/\/solidaires87.org\/sudeduclimousin\/wp-json\/wp\/v2\/comments?post=1404"}],"version-history":[{"count":1,"href":"https:\/\/solidaires87.org\/sudeduclimousin\/wp-json\/wp\/v2\/posts\/1404\/revisions"}],"predecessor-version":[{"id":1405,"href":"https:\/\/solidaires87.org\/sudeduclimousin\/wp-json\/wp\/v2\/posts\/1404\/revisions\/1405"}],"wp:attachment":[{"href":"https:\/\/solidaires87.org\/sudeduclimousin\/wp-json\/wp\/v2\/media?parent=1404"}],"wp:term":[{"taxonomy":"category","embeddable":true,"href":"https:\/\/solidaires87.org\/sudeduclimousin\/wp-json\/wp\/v2\/categories?post=1404"},{"taxonomy":"post_tag","embeddable":true,"href":"https:\/\/solidaires87.org\/sudeduclimousin\/wp-json\/wp\/v2\/tags?post=1404"}],"curies":[{"name":"wp","href":"https:\/\/api.w.org\/{rel}","templated":true}]}}