{"id":1401,"date":"2019-06-16T21:45:31","date_gmt":"2019-06-16T20:45:31","guid":{"rendered":"http:\/\/solidaires87.org\/sudeduclimousin\/?p=1401"},"modified":"2020-02-26T07:38:48","modified_gmt":"2020-02-26T06:38:48","slug":"loi-blanquer-la-lutte-paie-amplifions-la-mobilisation","status":"publish","type":"post","link":"https:\/\/solidaires87.org\/sudeduclimousin\/2019\/06\/16\/loi-blanquer-la-lutte-paie-amplifions-la-mobilisation\/","title":{"rendered":"Loi Blanquer : la lutte paie ! Amplifions la mobilisation !"},"content":{"rendered":"\n<p>Depuis plusieurs mois, les personnels de  l\u2019\u00c9ducation nationale sont en lutte contre les projets lib\u00e9raux et  r\u00e9actionnaires du gouvernement. Les personnels du premier degr\u00e9 sont  particuli\u00e8rement mobilis\u00e9s contre le projet de loi Blanquer.<br> Le 13 juin, la commission mixte paritaire rassemblant membres du S\u00e9nat  et de l\u2019Assembl\u00e9e nationale est revenue sur certaines des dispositions  les plus r\u00e9actionnaires et les plus autoritaires.<\/p>\n\n\n\n<figure class=\"wp-block-image\"><img loading=\"lazy\" decoding=\"async\" width=\"150\" height=\"127\" src=\"http:\/\/solidaires87.org\/sudeduclimousin\/wp-content\/uploads\/sites\/4\/2018\/05\/arton7649-009d5.jpg\" alt=\"\" class=\"wp-image-879\" \/><\/figure>\n\n\n<a href=\"https:\/\/solidaires87.org\/sudeduclimousin\/wp-content\/uploads\/sites\/4\/2019\/06\/Loi-Blanquer-_-la-lutte-paie-poursuivons-la-mobilisation.pdf\" class=\"pdfemb-viewer\" style=\"\" data-width=\"max\" data-height=\"max\"  data-toolbar=\"bottom\" data-toolbar-fixed=\"off\">Loi-Blanquer-_-la-lutte-paie-poursuivons-la-mobilisation<br\/><\/a>\n<p class=\"wp-block-pdfemb-pdf-embedder-viewer\"><\/p>\n","protected":false},"excerpt":{"rendered":"<p>Depuis plusieurs mois, les personnels de l\u2019\u00c9ducation nationale sont en lutte contre les projets lib\u00e9raux et r\u00e9actionnaires du gouvernement. Les personnels du premier degr\u00e9 sont particuli\u00e8rement mobilis\u00e9s contre le projet de loi Blanquer. Le 13 juin, la commission mixte paritaire&#8230;<br \/><a class=\"read-more-button\" href=\"https:\/\/solidaires87.org\/sudeduclimousin\/2019\/06\/16\/loi-blanquer-la-lutte-paie-amplifions-la-mobilisation\/\">Savoir plus<\/a><\/p>\n","protected":false},"author":18,"featured_media":0,"comment_status":"closed","ping_status":"open","sticky":false,"template":"","format":"standard","meta":{"footnotes":""},"categories":[9,5],"tags":[14],"_links":{"self":[{"href":"https:\/\/solidaires87.org\/sudeduclimousin\/wp-json\/wp\/v2\/posts\/1401"}],"collection":[{"href":"https:\/\/solidaires87.org\/sudeduclimousin\/wp-json\/wp\/v2\/posts"}],"about":[{"href":"https:\/\/solidaires87.org\/sudeduclimousin\/wp-json\/wp\/v2\/types\/post"}],"author":[{"embeddable":true,"href":"https:\/\/solidaires87.org\/sudeduclimousin\/wp-json\/wp\/v2\/users\/18"}],"replies":[{"embeddable":true,"href":"https:\/\/solidaires87.org\/sudeduclimousin\/wp-json\/wp\/v2\/comments?post=1401"}],"version-history":[{"count":2,"href":"https:\/\/solidaires87.org\/sudeduclimousin\/wp-json\/wp\/v2\/posts\/1401\/revisions"}],"predecessor-version":[{"id":2343,"href":"https:\/\/solidaires87.org\/sudeduclimousin\/wp-json\/wp\/v2\/posts\/1401\/revisions\/2343"}],"wp:attachment":[{"href":"https:\/\/solidaires87.org\/sudeduclimousin\/wp-json\/wp\/v2\/media?parent=1401"}],"wp:term":[{"taxonomy":"category","embeddable":true,"href":"https:\/\/solidaires87.org\/sudeduclimousin\/wp-json\/wp\/v2\/categories?post=1401"},{"taxonomy":"post_tag","embeddable":true,"href":"https:\/\/solidaires87.org\/sudeduclimousin\/wp-json\/wp\/v2\/tags?post=1401"}],"curies":[{"name":"wp","href":"https:\/\/api.w.org\/{rel}","templated":true}]}}