{"id":1398,"date":"2019-06-11T11:12:48","date_gmt":"2019-06-11T10:12:48","guid":{"rendered":"http:\/\/solidaires87.org\/sudeduclimousin\/?p=1398"},"modified":"2020-02-26T07:38:56","modified_gmt":"2020-02-26T06:38:56","slug":"le-13-06-le-17-et-au-dela-greve-des-examens-%e2%80%a2-circulaire-de-rentree-infantilisation-et-autoritarisme-%e2%80%a2-repression-du-mouvement-social-dans-leducation","status":"publish","type":"post","link":"https:\/\/solidaires87.org\/sudeduclimousin\/2019\/06\/11\/le-13-06-le-17-et-au-dela-greve-des-examens-%e2%80%a2-circulaire-de-rentree-infantilisation-et-autoritarisme-%e2%80%a2-repression-du-mouvement-social-dans-leducation\/","title":{"rendered":"Le 13\/06, le 17, et au-del\u00e0 : gr\u00e8ve des examens ! \u2022 Circulaire de rentr\u00e9e : infantilisation et autoritarisme \u2022 R\u00e9pression du mouvement social dans l\u2019\u00e9ducation"},"content":{"rendered":"\n<p>Le monde \u00e9ducatif \nconna\u00eet actuellement une mobilisation d\u2019une ampleur particuli\u00e8rement \nimportante. Depuis le 19 mars,  les personnels, en particulier du \npremier degr\u00e9, sont tr\u00e8s fortement mobilis\u00e9s contre le projet de loi \nBlanquer. Dans le second degr\u00e9, les r\u00e9formes des lyc\u00e9es, du bac et \nParcoursup suscitent toujours autant de col\u00e8re, et les initiatives de \nmobilisation sont tr\u00e8s fortes. Le minist\u00e8re s\u2019acharne \u00e0 r\u00e9primer les \nmobilisations par les menaces, intimidations et sanctions contre les \npersonnels. Rest\u00e9 sourd jusqu\u2019ici, le ministre ne nous laisse d\u2019autre \nperspective que de continuer \u00e0 construire le rapport de force. Face \u00e0 \ncette surdit\u00e9 et \u00e0 l\u2019ampleur du d\u00e9sastre et des cons\u00e9quences des \nr\u00e9formes pour les g\u00e9n\u00e9rations \u00e0 venir et le devenir des dipl\u00f4mes, la \ngr\u00e8ve des examens s\u2019impose. <strong>Mobilisation le 13 juin, et d\u00e8s le 17 juin&nbsp;: gr\u00e8ve des examens&nbsp;!<\/strong><\/p>\n\n\n\n<h3 class=\"wp-block-heading\">SUD \u00e9ducation met \u00e0 disposition un dossier pour se mobiliser efficacement<\/h3>\n\n\n<a href=\"https:\/\/solidaires87.org\/sudeduclimousin\/wp-content\/uploads\/sites\/4\/2019\/06\/20190531-intersyndicale-29-mai7.pdf\" class=\"pdfemb-viewer\" style=\"\" data-width=\"max\" data-height=\"max\"  data-toolbar=\"bottom\" data-toolbar-fixed=\"off\">20190531-intersyndicale-29-mai7<br\/><\/a>\n<p class=\"wp-block-pdfemb-pdf-embedder-viewer\"><\/p>\n\n\n<a href=\"https:\/\/solidaires87.org\/sudeduclimousin\/wp-content\/uploads\/sites\/4\/2019\/06\/Tract-9-mai.pdf\" class=\"pdfemb-viewer\" style=\"\" data-width=\"max\" data-height=\"max\"  data-toolbar=\"bottom\" data-toolbar-fixed=\"off\">Tract-9-mai<br\/><\/a>\n<p class=\"wp-block-pdfemb-pdf-embedder-viewer\"><\/p>\n\n\n<a href=\"https:\/\/solidaires87.org\/sudeduclimousin\/wp-content\/uploads\/sites\/4\/2019\/06\/faq-en-1-2pnb0da-0a706.png\" class=\"pdfemb-viewer\" style=\"\" data-width=\"max\" data-height=\"max\"  data-toolbar=\"bottom\" data-toolbar-fixed=\"off\">faq-en-1-2pnb0da-0a706.png<br\/><\/a>\n<p class=\"wp-block-pdfemb-pdf-embedder-viewer\"><\/p>\n\n\n\n<figure class=\"wp-block-image\"><img loading=\"lazy\" decoding=\"async\" width=\"609\" height=\"1024\" src=\"http:\/\/solidaires87.org\/sudeduclimousin\/wp-content\/uploads\/sites\/4\/2019\/06\/faq-en-1-2pnb0da-0a706-609x1024.png\" alt=\"\" class=\"wp-image-1392\" srcset=\"https:\/\/solidaires87.org\/sudeduclimousin\/wp-content\/uploads\/sites\/4\/2019\/06\/faq-en-1-2pnb0da-0a706-609x1024.png 609w, https:\/\/solidaires87.org\/sudeduclimousin\/wp-content\/uploads\/sites\/4\/2019\/06\/faq-en-1-2pnb0da-0a706-178x300.png 178w, https:\/\/solidaires87.org\/sudeduclimousin\/wp-content\/uploads\/sites\/4\/2019\/06\/faq-en-1-2pnb0da-0a706.png 768w\" sizes=\"(max-width: 609px) 100vw, 609px\" \/><\/figure>\n","protected":false},"excerpt":{"rendered":"<p>Le monde \u00e9ducatif conna\u00eet actuellement une mobilisation d\u2019une ampleur particuli\u00e8rement importante. Depuis le 19 mars, les personnels, en particulier du premier degr\u00e9, sont tr\u00e8s fortement mobilis\u00e9s contre le projet de loi Blanquer. Dans le second degr\u00e9, les r\u00e9formes des lyc\u00e9es,&#8230;<br \/><a class=\"read-more-button\" href=\"https:\/\/solidaires87.org\/sudeduclimousin\/2019\/06\/11\/le-13-06-le-17-et-au-dela-greve-des-examens-%e2%80%a2-circulaire-de-rentree-infantilisation-et-autoritarisme-%e2%80%a2-repression-du-mouvement-social-dans-leducation\/\">Savoir plus<\/a><\/p>\n","protected":false},"author":18,"featured_media":0,"comment_status":"closed","ping_status":"open","sticky":false,"template":"","format":"standard","meta":{"footnotes":""},"categories":[9,5],"tags":[],"_links":{"self":[{"href":"https:\/\/solidaires87.org\/sudeduclimousin\/wp-json\/wp\/v2\/posts\/1398"}],"collection":[{"href":"https:\/\/solidaires87.org\/sudeduclimousin\/wp-json\/wp\/v2\/posts"}],"about":[{"href":"https:\/\/solidaires87.org\/sudeduclimousin\/wp-json\/wp\/v2\/types\/post"}],"author":[{"embeddable":true,"href":"https:\/\/solidaires87.org\/sudeduclimousin\/wp-json\/wp\/v2\/users\/18"}],"replies":[{"embeddable":true,"href":"https:\/\/solidaires87.org\/sudeduclimousin\/wp-json\/wp\/v2\/comments?post=1398"}],"version-history":[{"count":3,"href":"https:\/\/solidaires87.org\/sudeduclimousin\/wp-json\/wp\/v2\/posts\/1398\/revisions"}],"predecessor-version":[{"id":2344,"href":"https:\/\/solidaires87.org\/sudeduclimousin\/wp-json\/wp\/v2\/posts\/1398\/revisions\/2344"}],"wp:attachment":[{"href":"https:\/\/solidaires87.org\/sudeduclimousin\/wp-json\/wp\/v2\/media?parent=1398"}],"wp:term":[{"taxonomy":"category","embeddable":true,"href":"https:\/\/solidaires87.org\/sudeduclimousin\/wp-json\/wp\/v2\/categories?post=1398"},{"taxonomy":"post_tag","embeddable":true,"href":"https:\/\/solidaires87.org\/sudeduclimousin\/wp-json\/wp\/v2\/tags?post=1398"}],"curies":[{"name":"wp","href":"https:\/\/api.w.org\/{rel}","templated":true}]}}