{"id":125,"date":"2016-03-21T06:00:39","date_gmt":"2016-03-21T05:00:39","guid":{"rendered":"http:\/\/solidaires87.org\/sudeduclimousin\/?p=125"},"modified":"2019-12-29T10:26:04","modified_gmt":"2019-12-29T09:26:04","slug":"pour-le-retrait-de-la-loi-travail-et-pour-le-progres-social-construisons-la-greve-generale","status":"publish","type":"post","link":"https:\/\/solidaires87.org\/sudeduclimousin\/2016\/03\/21\/pour-le-retrait-de-la-loi-travail-et-pour-le-progres-social-construisons-la-greve-generale\/","title":{"rendered":"Pour le retrait de la loi travail et pour le progr\u00e8s social, construisons la gr\u00e8ve g\u00e9n\u00e9rale"},"content":{"rendered":"<p><strong>Construisons la gr\u00e8ve g\u00e9n\u00e9rale<\/strong><\/p>\n<p><strong>Interprofessionnelle \uf06e Reconductible \uf06e Sous le contr\u00f4le des gr\u00e9vistes<\/strong><\/p>\n<p>Une mobilisation sociale profonde se d\u00e9veloppe. Le projet de loi Travail est per\u00e7u pour ce qu&rsquo;il est : une attaque historique contre les droits de tou\u2010te\u00ads les salari\u00e9\u00ade\u00ads (en emploi, en formation, au ch\u00f4mage, \u00e0 la retraite, du priv\u00e9 comme du public). La question qui se pose d\u00e9sormais,<br \/>\nc&rsquo;est comment faire pour imposer son retrait et ouvrir la perspective d&rsquo;alternatives et de progr\u00e8s social.<\/p>\n<p>Pour SUD \u00e9ducation, l&rsquo;analyse des rapports sociaux, l&rsquo;histoire des luttes sociales et l&rsquo;exp\u00e9rience r\u00e9cente doivent nous amener \u00e0 la conclusion suivante : la construction d&rsquo;une gr\u00e8ve g\u00e9n\u00e9rale, interprofessionnelle, reconductible, sous le contr\u00f4le des gr\u00e9vistes, est l&rsquo;arme des travailleurs et des travailleuses pour changer les rapports de force. Elle est pour nous d\u00e9sormais \u00e0 l&rsquo;ordre du jour.<\/p>\n<p><strong>Ils ne s&rsquo;arr\u00eateront que l\u00e0 o\u00f9 nous les arr\u00eaterons<\/strong><\/p>\n<p>Le projet de loi Travail est la pi\u00e8ce la plus r\u00e9cente des politiques de r\u00e9gression sociale qui sont men\u00e9es par les gouvernements successifs depuis des d\u00e9cennies au niveau national, comme par les institutions europ\u00e9ennes et internationales. Il s&rsquo;agit de d\u00e9truire progressivement et consciencieusement toutes les solidarit\u00e9s et tous les droits sociaux qui ont \u00e9t\u00e9 conquis par les mobilisations pour l&rsquo;\u00e9galit\u00e9 et l&rsquo;\u00e9mancipation. Le projet des classes dominantes est bien d&rsquo;abolir toutes les protections collectives acquises de haute lutte, pour faire des salari\u00e9\u2010e\u2010s des individus isol\u00e9s totalement soumis aux injonctions des capitalistes.<\/p>\n<p><strong>Chacun\u00ade de nous est concern\u00e9\u00ade<\/strong><\/p>\n<p>Les politiques des classes dominantes sont sinistrement coh\u00e9rentes ; unissons nos forces, unifions nos luttes. Pour construire le rapport de force, il faudra l\u2019engagement de chacun\u00ade. Il n\u2019y a pas de procuration possible, ni \u00e0 la jeunesse, ni au secteur priv\u00e9. Les attaques contre le code du travail nous concernent tou\u00adte\u00ads, toute r\u00e9gression pour des salari\u00e9\u00ade\u00ads finit par se r\u00e9percuter sur tou\u00adte\u00ads, y compris les fonctionnaires. Du MEDEF, des partis de droite, comme de Valls et de Macron, l&rsquo;id\u00e9e d&rsquo;en finir avec le statut des fonctionnaires est \u00e0 l&rsquo;ordre du jour. L\u2019unit\u00e9 des int\u00e9r\u00eats de la classe des travailleurs\/euses n\u2019est pas un slogan archa\u00efque, c\u2019est une r\u00e9alit\u00e9 sociale.<\/p>\n<p><strong>Il n&rsquo;y a rien \u00e0 n\u00e9gocier, rien \u00e0 am\u00e9nager<\/strong><\/p>\n<p>Pas question de nous laisser embobiner par les \u00ab am\u00e9nagements \u00bb de la loi Travail que n\u00e9gocient des syndicats qui se pr\u00e9tendent \u00ab responsables \u00bb l\u00e0 o\u00f9 ils ne font que trahir les travailleurs\/euses. Il n\u2019y a rien \u00e0 n\u00e9gocier, rien \u00e0 am\u00e9nager, c\u2019est la loi dans son ensemble qui est une attaque contre les droits des travailleurs\/euses. Son objectif est de d\u00e9truire les droit des salari\u00e9\u00ade\u00ads pour soumettre l&rsquo;ensemble du code du travail aux int\u00e9r\u00eats patronaux.<\/p>\n<p>Analyses de la loi Travail et dossier complet \u00e0 retrouver sur www.solidaires.org\/\u00adRetrait\u00adde\u00adla\u00adloi\u00adTravail-<\/p>\n<p><strong>On ne n\u00e9gocie pas la r\u00e9gression sociale, on la combat, par la gr\u00e8ve g\u00e9n\u00e9rale !<\/strong><\/p>\n<p><strong>La gr\u00e8ve, l&rsquo;arme principale des salari\u00e9\u00ade\u00ads<\/strong><\/p>\n<p>Les salari\u00e9\u00ade\u00ads, du priv\u00e9 comme du public, produisent par leur travail les richesses dont se nourrissent en r\u00e9gime capitaliste les profits du patronat et des actionnaires. En stoppant la production, par la gr\u00e8ve, on touche \u00e0 la seule chose qui importe aux pouvoirs en place : le porte\u00admonnaie.<\/p>\n<p><strong>La gr\u00e8ve reconductible pour bloquer le syst\u00e8me<\/strong><\/p>\n<p>Chacun se rend bien compte que les journ\u00e9es isol\u00e9es sont inefficaces. Ces gr\u00e8ves peuvent permettre aux salari\u00e9\u00ade\u00ads de monter leur opposition, de lancer une mobilisation, mais elles ne constituent pas \u00e0 elles seules une strat\u00e9gie victorieuse. Une journ\u00e9e de gr\u00e8ve et de manifestation ne sera jamais suffisante pour faire reculer le patronat et le gouvernement. La seule gr\u00e8ve qui p\u00e8se vraiment, c\u2019est la gr\u00e8ve qui bloque ou entrave le fonctionnement \u00e9conomique ou institutionnel. Cela implique sa reconduction.<\/p>\n<p><strong>La gr\u00e8ve interprofessionnelle pour changer les rapports de force<\/strong><\/p>\n<p>Les pouvoirs en place n&rsquo;ont qu&rsquo;une fa\u00e7on de maintenir leur domination : diviser les travailleurs\/euses. Pour changer les rapports de force sociaux et gagner sur nos revendications, il faut nous unir et lutter tou\u00adte\u00ads ensemble : salari\u00e9\u00ade\u00ads en emploi, en formation, au ch\u00f4mage, \u00e0 la retraite, du priv\u00e9 comme du public.<\/p>\n<p>Tirons les le\u00e7ons des luttes de ces derni\u00e8res ann\u00e9es : divis\u00e9\u00ade\u00ads nous sommes battu\u00ade\u00ads, uni\u2010e\u2010s nous gagnerons !<\/p>\n<p><strong>La gr\u00e8ve g\u00e9n\u00e9rale pour gagner sur nos revendications<\/strong><\/p>\n<p>Tirons aussi les le\u00e7ons de 2003 et de 2010 : les mobilisations sectorielles, m\u00eames importantes, ne suffisent pas ; les gr\u00e8ves d&rsquo;un jour et les manifestations, m\u00eame extr\u00eamement massives, ne suffisent pas ; une p\u00e9tition, m\u00eame sign\u00e9e par millions, ne suffira pas non plus. Si nous sommes uni\u00ade\u00ads, en gr\u00e8ve interprofessionnelle reconductible, aucun pouvoir ne peut r\u00e9sister \u00e0 la force collective du blocage de l&rsquo;\u00e9conomie et des institutions. Lors du mouvement contre le CPE et la loi dite \u00ab pour l&rsquo;\u00e9galit\u00e9 des chances \u00bb, c&rsquo;est la reconduction de la gr\u00e8ve par les \u00e9tudiant\u00ade\u00ads et la perspective d&rsquo;une g\u00e9n\u00e9ralisation qui avait amen\u00e9 le gouvernement \u00e0 un recul partiel sur le CPE, c&rsquo;est l&rsquo;absence de poursuite et de g\u00e9n\u00e9ralisation de la gr\u00e8ve qui avait permis au reste du texte r\u00e9gressif d&rsquo;\u00eatre maintenu et aux politiques lib\u00e9rales de se poursuivre.<\/p>\n<p><strong>Unit\u00e9 et d\u00e9mocratie \u00e0 la base, pour prendre nos affaires en main<\/strong><\/p>\n<p>Les organisations syndicales sont utiles si elles organisent le regroupement permanent des salari\u00e9\u00ade\u00ads pour d\u00e9fendre les droits de tou\u00adte\u00ads, informer, \u00e9laborer collectivement des analyses et des revendications. Mais elles sont pour nous des outils au service des luttes, et lorsqu&rsquo;une lutte d&rsquo;ampleur se d\u00e9veloppe, c&rsquo;est aux gr\u00e9vistes et \u00e0 eux\/elles seul\u00ade\u00ads d&rsquo;en d\u00e9cider des modalit\u00e9s.<\/p>\n<p>Nous d\u00e9fendons l\u2019auto\u00ad-organisation des salari\u00e9\u00ade\u00ads en assembl\u00e9es g\u00e9n\u00e9rales de lutte d\u00e9finissant elles\u00ad-m\u00eames leurs modalit\u00e9s d\u2019action, et la coordination d\u00e9mocratique de ces assembl\u00e9es. Sans une telle organisation d\u00e9mocratique, le jeu des appareils syndicaux enterrera la lutte dans un calendrier d&rsquo;action ne permettant pas de gagner et dans des cadres de n\u00e9gociation d\u00e9poss\u00e9dant les gr\u00e9vistes de leurs revendications.<\/p>\n<p>Comme cela s&rsquo;est esquiss\u00e9 en 2003, en 2006, et en 2010, il faut que partout se d\u00e9veloppent des assembl\u00e9es g\u00e9n\u00e9rales d\u00e9cisionnelles au fonctionnement d\u00e9mocratique, pour d\u00e9cider des revendications et des actions. C&rsquo;est dans ces assembl\u00e9es g\u00e9n\u00e9rales et dans leurs coordinations que doit se d\u00e9cider la reconduction la gr\u00e8ve.<\/p>\n<p><strong>La gr\u00e8ve g\u00e9n\u00e9rale vers la transformation sociale<\/strong><\/p>\n<p>\u00c0 l\u2019inverse de ce que contient ce projet de loi, la construction d\u2019une gr\u00e8ve g\u00e9n\u00e9rale reconductible sous le contr\u00f4le des gr\u00e9vistes permettra d\u2019imposer nos revendications et de remettre \u00e0 l\u2019ordre du jour la transformation sociale :<\/p>\n<p>\uf072 Contre la pr\u00e9carit\u00e9<\/p>\n<p>\uf0f0 le droit \u00e0 l\u2019emploi et au revenu pour tou\u00adte\u00ads, un statut garantissant les droits \u00e0 tou\u00adte\u00ads les salari\u00e9\u00ade\u00ads<\/p>\n<p>\uf072 Contre le \u00ab travailler plus pour gagner moins \u00bb \uf0f0 la r\u00e9duction du temps de travail et l\u2019augmentation g\u00e9n\u00e9rale des salaires ;<\/p>\n<p>\uf072 Contre l\u2019arbitraire patronal et la confiscation des richesses \uf0f0 l\u2019autogestion et la socialisation.<\/p>\n<p><img decoding=\"async\" src=\"http:\/\/www.sudeducation.org\/local\/cache-vignettes\/L105xH150\/arton6388-8d07c.png\" alt=\"\" \/><\/p>\n","protected":false},"excerpt":{"rendered":"<p>Construisons la gr\u00e8ve g\u00e9n\u00e9rale Interprofessionnelle \uf06e Reconductible \uf06e Sous le contr\u00f4le des gr\u00e9vistes Une mobilisation sociale profonde se d\u00e9veloppe. Le projet de loi Travail est per\u00e7u pour ce qu&rsquo;il est : une attaque historique contre les droits de tou\u2010te\u00ads les&#8230;<br \/><a class=\"read-more-button\" href=\"https:\/\/solidaires87.org\/sudeduclimousin\/2016\/03\/21\/pour-le-retrait-de-la-loi-travail-et-pour-le-progres-social-construisons-la-greve-generale\/\">Savoir plus<\/a><\/p>\n","protected":false},"author":2,"featured_media":0,"comment_status":"closed","ping_status":"open","sticky":false,"template":"","format":"standard","meta":{"footnotes":""},"categories":[9,5],"tags":[],"_links":{"self":[{"href":"https:\/\/solidaires87.org\/sudeduclimousin\/wp-json\/wp\/v2\/posts\/125"}],"collection":[{"href":"https:\/\/solidaires87.org\/sudeduclimousin\/wp-json\/wp\/v2\/posts"}],"about":[{"href":"https:\/\/solidaires87.org\/sudeduclimousin\/wp-json\/wp\/v2\/types\/post"}],"author":[{"embeddable":true,"href":"https:\/\/solidaires87.org\/sudeduclimousin\/wp-json\/wp\/v2\/users\/2"}],"replies":[{"embeddable":true,"href":"https:\/\/solidaires87.org\/sudeduclimousin\/wp-json\/wp\/v2\/comments?post=125"}],"version-history":[{"count":3,"href":"https:\/\/solidaires87.org\/sudeduclimousin\/wp-json\/wp\/v2\/posts\/125\/revisions"}],"predecessor-version":[{"id":203,"href":"https:\/\/solidaires87.org\/sudeduclimousin\/wp-json\/wp\/v2\/posts\/125\/revisions\/203"}],"wp:attachment":[{"href":"https:\/\/solidaires87.org\/sudeduclimousin\/wp-json\/wp\/v2\/media?parent=125"}],"wp:term":[{"taxonomy":"category","embeddable":true,"href":"https:\/\/solidaires87.org\/sudeduclimousin\/wp-json\/wp\/v2\/categories?post=125"},{"taxonomy":"post_tag","embeddable":true,"href":"https:\/\/solidaires87.org\/sudeduclimousin\/wp-json\/wp\/v2\/tags?post=125"}],"curies":[{"name":"wp","href":"https:\/\/api.w.org\/{rel}","templated":true}]}}