{"id":1042,"date":"2018-09-17T21:09:02","date_gmt":"2018-09-17T20:09:02","guid":{"rendered":"http:\/\/solidaires87.org\/sudeduclimousin\/?p=1042"},"modified":"2019-12-29T10:20:46","modified_gmt":"2019-12-29T09:20:46","slug":"augmentation-imposee-du-temps-de-travail-et-suppressions-de-postes-une-politique-contre-les-personnels-et-le-service-public","status":"publish","type":"post","link":"https:\/\/solidaires87.org\/sudeduclimousin\/2018\/09\/17\/augmentation-imposee-du-temps-de-travail-et-suppressions-de-postes-une-politique-contre-les-personnels-et-le-service-public\/","title":{"rendered":"Augmentation impos\u00e9e du temps de travail et suppressions de postes : une politique contre les personnels et le service public."},"content":{"rendered":"<div class=\"chapo\">\n<p>Comme SUD \u00e9ducation le d\u00e9non\u00e7ait dans les annonces budg\u00e9taires de la rentr\u00e9e scolaire, l\u2019\u00e9ducation nationale sera bel et bien impact\u00e9e par les coupes budg\u00e9taires.<\/p>\n<p>Aujourd\u2019hui le ministre Blanquer annonce donc la suppression de 1800 postes dans l\u2019\u00c9ducation Nationale\u00a0: 400 postes dans les services administratifs, 1200 postes d\u2019enseignant-e-s dans le second degr\u00e9.<\/p>\n<p><img loading=\"lazy\" decoding=\"async\" class=\"alignnone size-full wp-image-891\" src=\"http:\/\/solidaires87.org\/sudeduclimousin\/wp-content\/uploads\/sites\/4\/2018\/05\/arton7693-f83a9.png\" alt=\"\" width=\"150\" height=\"130\" \/><\/p>\n<a href=\"https:\/\/solidaires87.org\/sudeduclimousin\/wp-content\/uploads\/sites\/4\/2018\/09\/CP-Augmentation-du-temps-de-travail-et-suppressions-de-postes.pdf\" class=\"pdfemb-viewer\" style=\"\" data-width=\"max\" data-height=\"max\"  data-toolbar=\"bottom\" data-toolbar-fixed=\"off\">CP Augmentation du temps de travail et suppressions de postes<br\/><\/a>\n<\/div>\n","protected":false},"excerpt":{"rendered":"<p>Comme SUD \u00e9ducation le d\u00e9non\u00e7ait dans les annonces budg\u00e9taires de la rentr\u00e9e scolaire, l\u2019\u00e9ducation nationale sera bel et bien impact\u00e9e par les coupes budg\u00e9taires. Aujourd\u2019hui le ministre Blanquer annonce donc la suppression de 1800 postes dans l\u2019\u00c9ducation Nationale\u00a0: 400 postes&#8230;<br \/><a class=\"read-more-button\" href=\"https:\/\/solidaires87.org\/sudeduclimousin\/2018\/09\/17\/augmentation-imposee-du-temps-de-travail-et-suppressions-de-postes-une-politique-contre-les-personnels-et-le-service-public\/\">Savoir plus<\/a><\/p>\n","protected":false},"author":18,"featured_media":0,"comment_status":"closed","ping_status":"open","sticky":false,"template":"","format":"standard","meta":{"footnotes":""},"categories":[9,5],"tags":[],"_links":{"self":[{"href":"https:\/\/solidaires87.org\/sudeduclimousin\/wp-json\/wp\/v2\/posts\/1042"}],"collection":[{"href":"https:\/\/solidaires87.org\/sudeduclimousin\/wp-json\/wp\/v2\/posts"}],"about":[{"href":"https:\/\/solidaires87.org\/sudeduclimousin\/wp-json\/wp\/v2\/types\/post"}],"author":[{"embeddable":true,"href":"https:\/\/solidaires87.org\/sudeduclimousin\/wp-json\/wp\/v2\/users\/18"}],"replies":[{"embeddable":true,"href":"https:\/\/solidaires87.org\/sudeduclimousin\/wp-json\/wp\/v2\/comments?post=1042"}],"version-history":[{"count":1,"href":"https:\/\/solidaires87.org\/sudeduclimousin\/wp-json\/wp\/v2\/posts\/1042\/revisions"}],"predecessor-version":[{"id":1043,"href":"https:\/\/solidaires87.org\/sudeduclimousin\/wp-json\/wp\/v2\/posts\/1042\/revisions\/1043"}],"wp:attachment":[{"href":"https:\/\/solidaires87.org\/sudeduclimousin\/wp-json\/wp\/v2\/media?parent=1042"}],"wp:term":[{"taxonomy":"category","embeddable":true,"href":"https:\/\/solidaires87.org\/sudeduclimousin\/wp-json\/wp\/v2\/categories?post=1042"},{"taxonomy":"post_tag","embeddable":true,"href":"https:\/\/solidaires87.org\/sudeduclimousin\/wp-json\/wp\/v2\/tags?post=1042"}],"curies":[{"name":"wp","href":"https:\/\/api.w.org\/{rel}","templated":true}]}}