{"id":1036,"date":"2018-09-17T09:25:45","date_gmt":"2018-09-17T08:25:45","guid":{"rendered":"http:\/\/solidaires87.org\/sudeduclimousin\/?p=1036"},"modified":"2019-12-29T10:20:53","modified_gmt":"2019-12-29T09:20:53","slug":"public-prive-le-9-octobre-en-greve-et-dans-la-rue-construisons-le-rapport-de-force","status":"publish","type":"post","link":"https:\/\/solidaires87.org\/sudeduclimousin\/2018\/09\/17\/public-prive-le-9-octobre-en-greve-et-dans-la-rue-construisons-le-rapport-de-force\/","title":{"rendered":"Public, priv\u00e9 : le 9 octobre, en gr\u00e8ve et dans la rue, construisons le rapport de force !"},"content":{"rendered":"<div class=\"chapo\">\n<p>Suppressions d\u2019emplois massive dans les services publics, baisses de salaire, statut d\u00e9tricot\u00e9, destruction des CHSCT, mise en place de la machine de tri social Parcoursup, r\u00e9formes r\u00e9trogrades du syst\u00e8me \u00e9ducatif\u2026 Le gouvernement se lance dans une offensive d\u2019ampleur. Le 9 octobre, \u00e0 l\u2019appel de Solidaires, la CGT, FO, construisons le rapport de force pour imposer le progr\u00e8s social\u00a0!<\/p>\n<\/div>\n<div class=\"texte\">\n<h3 class=\"spip\"><img loading=\"lazy\" decoding=\"async\" class=\"alignnone size-full wp-image-891\" src=\"http:\/\/solidaires87.org\/sudeduclimousin\/wp-content\/uploads\/sites\/4\/2018\/05\/arton7693-f83a9.png\" alt=\"\" width=\"150\" height=\"130\" \/><\/h3>\n<a href=\"https:\/\/solidaires87.org\/sudeduclimousin\/wp-content\/uploads\/sites\/4\/2018\/09\/Appel-9-octobre.pdf\" class=\"pdfemb-viewer\" style=\"\" data-width=\"max\" data-height=\"max\"  data-toolbar=\"bottom\" data-toolbar-fixed=\"off\">Appel 9 octobre<br\/><\/a>\n<\/div>\n","protected":false},"excerpt":{"rendered":"<p>Suppressions d\u2019emplois massive dans les services publics, baisses de salaire, statut d\u00e9tricot\u00e9, destruction des CHSCT, mise en place de la machine de tri social Parcoursup, r\u00e9formes r\u00e9trogrades du syst\u00e8me \u00e9ducatif\u2026 Le gouvernement se lance dans une offensive d\u2019ampleur. Le 9&#8230;<br \/><a class=\"read-more-button\" href=\"https:\/\/solidaires87.org\/sudeduclimousin\/2018\/09\/17\/public-prive-le-9-octobre-en-greve-et-dans-la-rue-construisons-le-rapport-de-force\/\">Savoir plus<\/a><\/p>\n","protected":false},"author":18,"featured_media":0,"comment_status":"closed","ping_status":"open","sticky":false,"template":"","format":"standard","meta":{"footnotes":""},"categories":[3,9,5],"tags":[],"_links":{"self":[{"href":"https:\/\/solidaires87.org\/sudeduclimousin\/wp-json\/wp\/v2\/posts\/1036"}],"collection":[{"href":"https:\/\/solidaires87.org\/sudeduclimousin\/wp-json\/wp\/v2\/posts"}],"about":[{"href":"https:\/\/solidaires87.org\/sudeduclimousin\/wp-json\/wp\/v2\/types\/post"}],"author":[{"embeddable":true,"href":"https:\/\/solidaires87.org\/sudeduclimousin\/wp-json\/wp\/v2\/users\/18"}],"replies":[{"embeddable":true,"href":"https:\/\/solidaires87.org\/sudeduclimousin\/wp-json\/wp\/v2\/comments?post=1036"}],"version-history":[{"count":1,"href":"https:\/\/solidaires87.org\/sudeduclimousin\/wp-json\/wp\/v2\/posts\/1036\/revisions"}],"predecessor-version":[{"id":1037,"href":"https:\/\/solidaires87.org\/sudeduclimousin\/wp-json\/wp\/v2\/posts\/1036\/revisions\/1037"}],"wp:attachment":[{"href":"https:\/\/solidaires87.org\/sudeduclimousin\/wp-json\/wp\/v2\/media?parent=1036"}],"wp:term":[{"taxonomy":"category","embeddable":true,"href":"https:\/\/solidaires87.org\/sudeduclimousin\/wp-json\/wp\/v2\/categories?post=1036"},{"taxonomy":"post_tag","embeddable":true,"href":"https:\/\/solidaires87.org\/sudeduclimousin\/wp-json\/wp\/v2\/tags?post=1036"}],"curies":[{"name":"wp","href":"https:\/\/api.w.org\/{rel}","templated":true}]}}