{"id":1031,"date":"2018-09-17T09:21:19","date_gmt":"2018-09-17T08:21:19","guid":{"rendered":"http:\/\/solidaires87.org\/sudeduclimousin\/?p=1031"},"modified":"2019-12-29T10:20:59","modified_gmt":"2019-12-29T09:20:59","slug":"reforme-du-lycee-general-et-technologique-ou-en-est-on","status":"publish","type":"post","link":"https:\/\/solidaires87.org\/sudeduclimousin\/2018\/09\/17\/reforme-du-lycee-general-et-technologique-ou-en-est-on\/","title":{"rendered":"R\u00e9forme du lyc\u00e9e g\u00e9n\u00e9ral et technologique : o\u00f9 en est-on ?"},"content":{"rendered":"<p><big><span style=\"color: #ec0000\">La r\u00e9forme du lyc\u00e9e g\u00e9n\u00e9ral et technologique est engag\u00e9e, et \u00e0 marche forc\u00e9e. La g\u00e9n\u00e9ration qui entre aujourd\u2019hui en seconde est le cobaye de la r\u00e9forme en cours. Les personnels charg\u00e9s de la mettre en oeuvre sont dans l\u2019expectative face \u00e0 des annonces souvent contradictoires. Dans cet article, SUD \u00e9ducation fait le point sur les derni\u00e8res annonces. Et plus globalement, SUD \u00e9ducation vous propose une brochure d\u2019analyse d\u00e9taill\u00e9e des arr\u00eat\u00e9s qui structurent cette r\u00e9forme profond\u00e9ment in\u00e9galitaire.<\/span><\/big><\/p>\n<p><img loading=\"lazy\" decoding=\"async\" class=\"alignnone size-medium wp-image-745\" src=\"http:\/\/solidaires87.org\/sudeduclimousin\/wp-content\/uploads\/sites\/4\/2017\/12\/Visuel-pour-un-lycee-egalitaire-300x259.png\" alt=\"\" width=\"300\" height=\"259\" srcset=\"https:\/\/solidaires87.org\/sudeduclimousin\/wp-content\/uploads\/sites\/4\/2017\/12\/Visuel-pour-un-lycee-egalitaire-300x259.png 300w, https:\/\/solidaires87.org\/sudeduclimousin\/wp-content\/uploads\/sites\/4\/2017\/12\/Visuel-pour-un-lycee-egalitaire.png 590w\" sizes=\"(max-width: 300px) 100vw, 300px\" \/><\/p>\n<a href=\"https:\/\/solidaires87.org\/sudeduclimousin\/wp-content\/uploads\/sites\/4\/2018\/09\/10-pages-re\u0301forme-lyce\u0301e.pdf\" class=\"pdfemb-viewer\" style=\"\" data-width=\"max\" data-height=\"max\"  data-toolbar=\"bottom\" data-toolbar-fixed=\"off\">10 pages re\u0301forme lyce\u0301e<br\/><\/a>\n","protected":false},"excerpt":{"rendered":"<p>La r\u00e9forme du lyc\u00e9e g\u00e9n\u00e9ral et technologique est engag\u00e9e, et \u00e0 marche forc\u00e9e. La g\u00e9n\u00e9ration qui entre aujourd\u2019hui en seconde est le cobaye de la r\u00e9forme en cours. Les personnels charg\u00e9s de la mettre en oeuvre sont dans l\u2019expectative face&#8230;<br \/><a class=\"read-more-button\" href=\"https:\/\/solidaires87.org\/sudeduclimousin\/2018\/09\/17\/reforme-du-lycee-general-et-technologique-ou-en-est-on\/\">Savoir plus<\/a><\/p>\n","protected":false},"author":18,"featured_media":0,"comment_status":"closed","ping_status":"open","sticky":false,"template":"","format":"standard","meta":{"footnotes":""},"categories":[9,5],"tags":[],"_links":{"self":[{"href":"https:\/\/solidaires87.org\/sudeduclimousin\/wp-json\/wp\/v2\/posts\/1031"}],"collection":[{"href":"https:\/\/solidaires87.org\/sudeduclimousin\/wp-json\/wp\/v2\/posts"}],"about":[{"href":"https:\/\/solidaires87.org\/sudeduclimousin\/wp-json\/wp\/v2\/types\/post"}],"author":[{"embeddable":true,"href":"https:\/\/solidaires87.org\/sudeduclimousin\/wp-json\/wp\/v2\/users\/18"}],"replies":[{"embeddable":true,"href":"https:\/\/solidaires87.org\/sudeduclimousin\/wp-json\/wp\/v2\/comments?post=1031"}],"version-history":[{"count":1,"href":"https:\/\/solidaires87.org\/sudeduclimousin\/wp-json\/wp\/v2\/posts\/1031\/revisions"}],"predecessor-version":[{"id":1033,"href":"https:\/\/solidaires87.org\/sudeduclimousin\/wp-json\/wp\/v2\/posts\/1031\/revisions\/1033"}],"wp:attachment":[{"href":"https:\/\/solidaires87.org\/sudeduclimousin\/wp-json\/wp\/v2\/media?parent=1031"}],"wp:term":[{"taxonomy":"category","embeddable":true,"href":"https:\/\/solidaires87.org\/sudeduclimousin\/wp-json\/wp\/v2\/categories?post=1031"},{"taxonomy":"post_tag","embeddable":true,"href":"https:\/\/solidaires87.org\/sudeduclimousin\/wp-json\/wp\/v2\/tags?post=1031"}],"curies":[{"name":"wp","href":"https:\/\/api.w.org\/{rel}","templated":true}]}}