{"id":1029,"date":"2018-09-14T08:14:11","date_gmt":"2018-09-14T07:14:11","guid":{"rendered":"http:\/\/solidaires87.org\/sudeduclimousin\/?p=1029"},"modified":"2019-12-29T10:21:06","modified_gmt":"2019-12-29T09:21:06","slug":"pour-apprendre-les-langues-cest-dune-baisse-des-effectifs-dont-les-eleves-ont-besoin","status":"publish","type":"post","link":"https:\/\/solidaires87.org\/sudeduclimousin\/2018\/09\/14\/pour-apprendre-les-langues-cest-dune-baisse-des-effectifs-dont-les-eleves-ont-besoin\/","title":{"rendered":"Pour apprendre les langues, c\u2019est d\u2019une baisse des effectifs dont les \u00e9l\u00e8ves ont besoin !"},"content":{"rendered":"<div class=\"chapo\">\n<p>Le ministre a pr\u00e9sent\u00e9 son plan relatif \u00e0 l\u2019apprentissage des langues. Bien qu\u2019il pr\u00e9tende \u201credonner confiance aux \u00e9l\u00e8ves\u201d, le ministre se garde bien de s\u2019engager sur l\u2019essentiel.<\/p>\n<p><img loading=\"lazy\" decoding=\"async\" class=\"alignnone size-full wp-image-670\" src=\"http:\/\/solidaires87.org\/sudeduclimousin\/wp-content\/uploads\/sites\/4\/2017\/09\/arton7204-77718.png\" alt=\"\" width=\"110\" height=\"150\" \/><\/p>\n<a href=\"https:\/\/solidaires87.org\/sudeduclimousin\/wp-content\/uploads\/sites\/4\/2018\/09\/cp-langues-vivantes.pdf\" class=\"pdfemb-viewer\" style=\"\" data-width=\"max\" data-height=\"max\"  data-toolbar=\"bottom\" data-toolbar-fixed=\"off\">cp-langues-vivantes<br\/><\/a>\n<\/div>\n","protected":false},"excerpt":{"rendered":"<p>Le ministre a pr\u00e9sent\u00e9 son plan relatif \u00e0 l\u2019apprentissage des langues. Bien qu\u2019il pr\u00e9tende \u201credonner confiance aux \u00e9l\u00e8ves\u201d, le ministre se garde bien de s\u2019engager sur l\u2019essentiel.<\/p>\n","protected":false},"author":18,"featured_media":0,"comment_status":"closed","ping_status":"open","sticky":false,"template":"","format":"standard","meta":{"footnotes":""},"categories":[9,5],"tags":[],"_links":{"self":[{"href":"https:\/\/solidaires87.org\/sudeduclimousin\/wp-json\/wp\/v2\/posts\/1029"}],"collection":[{"href":"https:\/\/solidaires87.org\/sudeduclimousin\/wp-json\/wp\/v2\/posts"}],"about":[{"href":"https:\/\/solidaires87.org\/sudeduclimousin\/wp-json\/wp\/v2\/types\/post"}],"author":[{"embeddable":true,"href":"https:\/\/solidaires87.org\/sudeduclimousin\/wp-json\/wp\/v2\/users\/18"}],"replies":[{"embeddable":true,"href":"https:\/\/solidaires87.org\/sudeduclimousin\/wp-json\/wp\/v2\/comments?post=1029"}],"version-history":[{"count":1,"href":"https:\/\/solidaires87.org\/sudeduclimousin\/wp-json\/wp\/v2\/posts\/1029\/revisions"}],"predecessor-version":[{"id":1030,"href":"https:\/\/solidaires87.org\/sudeduclimousin\/wp-json\/wp\/v2\/posts\/1029\/revisions\/1030"}],"wp:attachment":[{"href":"https:\/\/solidaires87.org\/sudeduclimousin\/wp-json\/wp\/v2\/media?parent=1029"}],"wp:term":[{"taxonomy":"category","embeddable":true,"href":"https:\/\/solidaires87.org\/sudeduclimousin\/wp-json\/wp\/v2\/categories?post=1029"},{"taxonomy":"post_tag","embeddable":true,"href":"https:\/\/solidaires87.org\/sudeduclimousin\/wp-json\/wp\/v2\/tags?post=1029"}],"curies":[{"name":"wp","href":"https:\/\/api.w.org\/{rel}","templated":true}]}}