{"id":102,"date":"2016-02-23T17:11:01","date_gmt":"2016-02-23T16:11:01","guid":{"rendered":"http:\/\/solidaires87.org\/sudeduclimousin\/?p=102"},"modified":"2019-12-29T10:26:20","modified_gmt":"2019-12-29T09:26:20","slug":"apres-la-greve-du-26-janvier-poursuivre-et-amplifier-la-mobilisation","status":"publish","type":"post","link":"https:\/\/solidaires87.org\/sudeduclimousin\/2016\/02\/23\/apres-la-greve-du-26-janvier-poursuivre-et-amplifier-la-mobilisation\/","title":{"rendered":"Apr\u00e8s la gr\u00e8ve du 26 janvier, poursuivre et amplifier la mobilisation !"},"content":{"rendered":"<div class=\"soustitre\"><i><b>Communiqu\u00e9 de la f\u00e9d\u00e9ration SUD \u00e9ducation<\/b><\/i><\/div>\n<p>&nbsp;<\/p>\n<div class=\"detail\">Publi\u00e9\u00a0le\u00a0vendredi\u00a05 f\u00e9vrier 2016 sur <a href=\"http:\/\/www.sudeducation.org\/Apres-la-greve-du-26-janvier.html\">http:\/\/www.sudeducation.org\/Apres-la-greve-du-26-janvier.html<\/a><\/div>\n<div class=\"detail\"><\/div>\n<div class=\"chapo\">\n<p>Le succ\u00e8s de la mobilisation du 26 janvier, dans la fonction publique et singuli\u00e8rement dans l\u2019\u00e9ducation, appelle des suites. Les manifestations pour les salaires et la d\u00e9fense du service public ont \u00e9t\u00e9 importantes. Dans l\u2019\u00e9ducation, il n\u2019y avait pas eu autant de gr\u00e9vistes et de manifestant-e-s depuis la gr\u00e8ve de mai dernier. Les personnels des coll\u00e8ges se sont massivement mobilis\u00e9s. La gr\u00e8ve a \u00e9galement \u00e9t\u00e9 significative dans les lyc\u00e9es et dans les \u00e9coles dans de nombreux d\u00e9partements.<\/p>\n<\/div>\n<div class=\"texte\">\n<p>La r\u00e9ussite de cette mobilisation dans notre secteur d\u00e9montre l\u2019opposition r\u00e9solue des coll\u00e8gues \u00e0 cette r\u00e9forme du coll\u00e8ge. Les annonces mensong\u00e8res sur la p\u00e9rennisation des classes bilangues ne sont rien d\u2019autre qu\u2019une pi\u00e8tre op\u00e9ration de communication minist\u00e9rielle qui ne trompe personne. Il est n\u00e9cessaire de continuer la r\u00e9sistance \u00e0 la mise en place de cette r\u00e9forme, d\u2019utiliser tous les moyens pour s\u2019opposer aux formations ou les subvertir, d\u2019informer les parents et la population.<\/p>\n<p>L\u2019annonce des DHG (dotation horaire globale), qui stagnent ou sont en recul, en est l\u2019occasion en coll\u00e8ge. Dans les lyc\u00e9es et les \u00e9coles, les annonces des DHG et des cartes scolaires tr\u00e8s largement insuffisantes pour la rentr\u00e9e doivent entra\u00eener un \u00e9largissement de la mobilisation pour renforcer le rapport de force.<\/p>\n<p>Au lendemain du 26, d\u00e9j\u00e0, de nombreuses mobilisations ont \u00e9t\u00e9 annonc\u00e9es\u00a0: dans les Hauts-de-Seine, la Seine-Saint-Denis, la Haute-Garonne, l\u2019Allier, le Limousin, l\u2019Ari\u00e8ge, etc., notamment \u00e0 l\u2019occasion des CDEN et des CTSD. Aux revendications contre cette r\u00e9forme du coll\u00e8ge, elles associent la lutte pour des moyens suppl\u00e9mentaires et pour l\u2019am\u00e9lioration des conditions de travail dans le premier et le second degr\u00e9 pour la rentr\u00e9e 2016.<\/p>\n<p>SUD \u00e9ducation soutient l\u2019ensemble de ces mobilisations locales, appelle \u00e0 les amplifier, \u00e0 les reconduire, et \u00e0 les f\u00e9d\u00e9rer au-del\u00e0 des luttes d\u2019\u00e9coles et d\u2019\u00e9tablissements en recherchant l\u2019appui intersyndical. La multiplication de ces luttes dans les acad\u00e9mies permettra qu\u2019une mobilisation nationale reprenne de fa\u00e7on offensive apr\u00e8s le retour des vacances d\u2019hiver.<\/p>\n<p>Il est de la responsabilit\u00e9 de l\u2019intersyndicale de proposer des perspectives nationales permettant de d\u00e9velopper la mobilisation jusqu\u2019\u00e0 la satisfaction de nos revendications. C\u2019est ce que continuera de d\u00e9fendre SUD \u00e9ducation.<\/p>\n<p>Le minist\u00e8re et le gouvernement veulent passer en force.<\/p>\n<h3 class=\"spip\">\u00c0 leur ent\u00eatement et leur m\u00e9pris, opposons notre d\u00e9termination\u00a0!<\/h3>\n<\/div>\n<p><img decoding=\"async\" src=\"http:\/\/www.sudeducation.org\/local\/cache-vignettes\/L105xH150\/arton6388-8d07c.png\" alt=\"\" \/><\/p>\n","protected":false},"excerpt":{"rendered":"<p>Communiqu\u00e9 de la f\u00e9d\u00e9ration SUD \u00e9ducation &nbsp; Publi\u00e9\u00a0le\u00a0vendredi\u00a05 f\u00e9vrier 2016 sur http:\/\/www.sudeducation.org\/Apres-la-greve-du-26-janvier.html Le succ\u00e8s de la mobilisation du 26 janvier, dans la fonction publique et singuli\u00e8rement dans l\u2019\u00e9ducation, appelle des suites. Les manifestations pour les salaires et la d\u00e9fense du&#8230;<br \/><a class=\"read-more-button\" href=\"https:\/\/solidaires87.org\/sudeduclimousin\/2016\/02\/23\/apres-la-greve-du-26-janvier-poursuivre-et-amplifier-la-mobilisation\/\">Savoir plus<\/a><\/p>\n","protected":false},"author":18,"featured_media":0,"comment_status":"closed","ping_status":"open","sticky":false,"template":"","format":"standard","meta":{"footnotes":""},"categories":[9,5],"tags":[],"_links":{"self":[{"href":"https:\/\/solidaires87.org\/sudeduclimousin\/wp-json\/wp\/v2\/posts\/102"}],"collection":[{"href":"https:\/\/solidaires87.org\/sudeduclimousin\/wp-json\/wp\/v2\/posts"}],"about":[{"href":"https:\/\/solidaires87.org\/sudeduclimousin\/wp-json\/wp\/v2\/types\/post"}],"author":[{"embeddable":true,"href":"https:\/\/solidaires87.org\/sudeduclimousin\/wp-json\/wp\/v2\/users\/18"}],"replies":[{"embeddable":true,"href":"https:\/\/solidaires87.org\/sudeduclimousin\/wp-json\/wp\/v2\/comments?post=102"}],"version-history":[{"count":2,"href":"https:\/\/solidaires87.org\/sudeduclimousin\/wp-json\/wp\/v2\/posts\/102\/revisions"}],"predecessor-version":[{"id":204,"href":"https:\/\/solidaires87.org\/sudeduclimousin\/wp-json\/wp\/v2\/posts\/102\/revisions\/204"}],"wp:attachment":[{"href":"https:\/\/solidaires87.org\/sudeduclimousin\/wp-json\/wp\/v2\/media?parent=102"}],"wp:term":[{"taxonomy":"category","embeddable":true,"href":"https:\/\/solidaires87.org\/sudeduclimousin\/wp-json\/wp\/v2\/categories?post=102"},{"taxonomy":"post_tag","embeddable":true,"href":"https:\/\/solidaires87.org\/sudeduclimousin\/wp-json\/wp\/v2\/tags?post=102"}],"curies":[{"name":"wp","href":"https:\/\/api.w.org\/{rel}","templated":true}]}}